{"id":2685,"date":"2015-08-05T19:58:00","date_gmt":"2015-08-05T19:58:00","guid":{"rendered":"https:\/\/www.movemovel.com.br\/blog\/?p=2685"},"modified":"2019-10-18T12:55:45","modified_gmt":"2019-10-18T12:55:45","slug":"design-weekend-sao-paulo-de-12-a-16-de-agosto-de-2015","status":"publish","type":"post","link":"https:\/\/www.movemovel.com.br\/blog\/design-weekend-sao-paulo-de-12-a-16-de-agosto-de-2015\/","title":{"rendered":"Design Weekend | S\u00e3o Paulo | de 12 \u00e0 16 de agosto de 2015"},"content":{"rendered":"<p><strong><span style=\"font-size: 1em;\">DW!: O que \u00e9?<\/span><\/strong><\/p>\n<p style=\"text-align: left;\">O <a href=\"http:\/\/www.designweekend.com.br\/\">Design Weekend <\/a>\u00e9 um festival urbano que tem o objetivo de promover a \u00a0cultura do design e suas conex\u00f5es com arquitetura, arte, decora\u00e7\u00e3o, urbanismo, inclus\u00e3o social, neg\u00f3cios e inova\u00e7\u00e3o tecnol\u00f3gica.<br \/>\nS\u00e3o diversos eventos independentes, simult\u00e2neos e integrados por um programa oficial. O DW! compreende palestras em institui\u00e7\u00f5es educacionais, visitas guiadas em galerias e ateli\u00eas, exposi\u00e7\u00f5es, instala\u00e7\u00f5es, interven\u00e7\u00f5es art\u00edsticas e urbanas, circuitos tem\u00e1ticos, concursos, festas e lan\u00e7amentos de produtos em lojas e showrooms.<\/p>\n<p style=\"text-align: left;\">Quer saber mais acesse\u00a0<a href=\"http:\/\/www.designweekend.com.br\/wp\/index.php\/sobre-o-dw\/\">http:\/\/www.designweekend.com.br\/wp\/index.php\/sobre-o-dw\/<\/a><\/p>\n<p><img decoding=\"async\" loading=\"lazy\" class=\"alignleft size-medium wp-image-2686\" alt=\"BANNER3\" src=\"https:\/\/www.movemovel.com.br\/blog\/wp-content\/uploads\/2015\/08\/BANNER3-300x300.jpg\" width=\"300\" height=\"300\" srcset=\"https:\/\/www.movemovel.com.br\/blog\/wp-content\/uploads\/2015\/08\/BANNER3-300x300.jpg 300w, https:\/\/www.movemovel.com.br\/blog\/wp-content\/uploads\/2015\/08\/BANNER3-150x150.jpg 150w, https:\/\/www.movemovel.com.br\/blog\/wp-content\/uploads\/2015\/08\/BANNER3.jpg 860w\" sizes=\"(max-width: 300px) 100vw, 300px\" \/><\/p>\n<p style=\"text-align: left;\"><strong><a href=\"http:\/\/www.movemovel.com.br\/\">Move M\u00f3vel<\/a> \u00a0no DW<\/strong><\/p>\n<p style=\"text-align: left;\">N\u00f3s estaremos participando da Mostra LOS MAKERS \u00a0no IED (Instituto Europeu de Design), na rua Maranh\u00e3o,617, no bairro de Higien\u00f3polis,S\u00e3o Paulo.<\/p>\n<p style=\"text-align: left;\">Convidamos a todos para irem na Mostra Los Makers e depois venham \u00a0nos visitar no \u00a0nosso Ateli\u00ea Conceito na pra\u00e7a Vilaboim, 160, conjunto \u00a04 ou se preferirem marquem uma hora (11)3667-0648 .Teremos imenso prazer de \u00a0receb\u00ea-los!<\/p>\n<p style=\"text-align: left;\">\u00c9 uma \u00e9poca deliciosa para estar em S\u00e3o Paulo visitando os v\u00e1rios eventos de design.VENHAM!!<\/p>\n","protected":false},"excerpt":{"rendered":"<p>DW!: O que \u00e9? O Design Weekend \u00e9 um festival urbano que tem o objetivo de promover a \u00a0cultura do design e suas conex\u00f5es com arquitetura, arte, decora\u00e7\u00e3o, urbanismo, inclus\u00e3o<\/p>\n","protected":false},"author":5,"featured_media":2710,"comment_status":"open","ping_status":"open","sticky":false,"template":"","format":"image","meta":{"ngg_post_thumbnail":0},"categories":[1,4],"tags":[1477,751,161,568,1463,366],"yoast_head":"<!-- This site is optimized with the Yoast SEO plugin v19.6 - https:\/\/yoast.com\/wordpress\/plugins\/seo\/ -->\n<title>Design Weekend | S\u00e3o Paulo | de 12 \u00e0 16 de agosto de 2015 - Move M\u00f3vel<\/title>\n<meta name=\"robots\" content=\"index, follow, max-snippet:-1, max-image-preview:large, max-video-preview:-1\" \/>\n<link rel=\"canonical\" href=\"https:\/\/www.movemovel.com.br\/blog\/design-weekend-sao-paulo-de-12-a-16-de-agosto-de-2015\/\" \/>\n<meta property=\"og:locale\" content=\"pt_BR\" \/>\n<meta property=\"og:type\" content=\"article\" \/>\n<meta property=\"og:title\" content=\"Design Weekend | S\u00e3o Paulo | de 12 \u00e0 16 de agosto de 2015 - Move M\u00f3vel\" \/>\n<meta property=\"og:description\" content=\"DW!: O que \u00e9? O Design Weekend \u00e9 um festival urbano que tem o objetivo de promover a \u00a0cultura do design e suas conex\u00f5es com arquitetura, arte, decora\u00e7\u00e3o, urbanismo, inclus\u00e3o\" \/>\n<meta property=\"og:url\" content=\"https:\/\/www.movemovel.com.br\/blog\/design-weekend-sao-paulo-de-12-a-16-de-agosto-de-2015\/\" \/>\n<meta property=\"og:site_name\" content=\"Move M\u00f3vel\" \/>\n<meta property=\"article:published_time\" content=\"2015-08-05T19:58:00+00:00\" \/>\n<meta property=\"article:modified_time\" content=\"2019-10-18T12:55:45+00:00\" \/>\n<meta property=\"og:image\" content=\"https:\/\/www.movemovel.com.br\/blog\/wp-content\/uploads\/2015\/08\/destaque_blog-542x3401.jpg\" \/>\n\t<meta property=\"og:image:width\" content=\"542\" \/>\n\t<meta property=\"og:image:height\" content=\"340\" \/>\n\t<meta property=\"og:image:type\" content=\"image\/jpeg\" \/>\n<meta name=\"author\" content=\"movemovel\" \/>\n<meta name=\"twitter:card\" content=\"summary_large_image\" \/>\n<meta name=\"twitter:label1\" content=\"Escrito por\" \/>\n\t<meta name=\"twitter:data1\" content=\"movemovel\" \/>\n\t<meta name=\"twitter:label2\" content=\"Est. tempo de leitura\" \/>\n\t<meta name=\"twitter:data2\" content=\"1 minuto\" \/>\n<script type=\"application\/ld+json\" class=\"yoast-schema-graph\">{\"@context\":\"https:\/\/schema.org\",\"@graph\":[{\"@type\":\"WebPage\",\"@id\":\"https:\/\/www.movemovel.com.br\/blog\/design-weekend-sao-paulo-de-12-a-16-de-agosto-de-2015\/\",\"url\":\"https:\/\/www.movemovel.com.br\/blog\/design-weekend-sao-paulo-de-12-a-16-de-agosto-de-2015\/\",\"name\":\"Design Weekend | S\u00e3o Paulo | de 12 \u00e0 16 de agosto de 2015 - Move M\u00f3vel\",\"isPartOf\":{\"@id\":\"https:\/\/www.movemovel.com.br\/blog\/#website\"},\"datePublished\":\"2015-08-05T19:58:00+00:00\",\"dateModified\":\"2019-10-18T12:55:45+00:00\",\"author\":{\"@id\":\"https:\/\/www.movemovel.com.br\/blog\/#\/schema\/person\/ab0cf0e6a6e0d3f18d21e930f7e88aa0\"},\"breadcrumb\":{\"@id\":\"https:\/\/www.movemovel.com.br\/blog\/design-weekend-sao-paulo-de-12-a-16-de-agosto-de-2015\/#breadcrumb\"},\"inLanguage\":\"pt-BR\",\"potentialAction\":[{\"@type\":\"ReadAction\",\"target\":[\"https:\/\/www.movemovel.com.br\/blog\/design-weekend-sao-paulo-de-12-a-16-de-agosto-de-2015\/\"]}]},{\"@type\":\"BreadcrumbList\",\"@id\":\"https:\/\/www.movemovel.com.br\/blog\/design-weekend-sao-paulo-de-12-a-16-de-agosto-de-2015\/#breadcrumb\",\"itemListElement\":[{\"@type\":\"ListItem\",\"position\":1,\"name\":\"In\u00edcio\",\"item\":\"https:\/\/www.movemovel.com.br\/blog\/\"},{\"@type\":\"ListItem\",\"position\":2,\"name\":\"Design Weekend | S\u00e3o Paulo | de 12 \u00e0 16 de agosto de 2015\"}]},{\"@type\":\"WebSite\",\"@id\":\"https:\/\/www.movemovel.com.br\/blog\/#website\",\"url\":\"https:\/\/www.movemovel.com.br\/blog\/\",\"name\":\"Move M\u00f3vel\",\"description\":\"Design criativo, contempor\u00e2neo, artesanal e personalizado.\",\"potentialAction\":[{\"@type\":\"SearchAction\",\"target\":{\"@type\":\"EntryPoint\",\"urlTemplate\":\"https:\/\/www.movemovel.com.br\/blog\/?s={search_term_string}\"},\"query-input\":\"required name=search_term_string\"}],\"inLanguage\":\"pt-BR\"},{\"@type\":\"Person\",\"@id\":\"https:\/\/www.movemovel.com.br\/blog\/#\/schema\/person\/ab0cf0e6a6e0d3f18d21e930f7e88aa0\",\"name\":\"movemovel\",\"image\":{\"@type\":\"ImageObject\",\"inLanguage\":\"pt-BR\",\"@id\":\"https:\/\/www.movemovel.com.br\/blog\/#\/schema\/person\/image\/\",\"url\":\"https:\/\/secure.gravatar.com\/avatar\/4deecb247bfe9291394aa9aaf659502e?s=96&d=mm&r=g\",\"contentUrl\":\"https:\/\/secure.gravatar.com\/avatar\/4deecb247bfe9291394aa9aaf659502e?s=96&d=mm&r=g\",\"caption\":\"movemovel\"},\"sameAs\":[\"https:\/\/www.movemovel.com.br\"],\"url\":\"https:\/\/www.movemovel.com.br\/blog\/author\/movemovel\/\"}]}<\/script>\n<!-- \/ Yoast SEO plugin. -->","yoast_head_json":{"title":"Design Weekend | S\u00e3o Paulo | de 12 \u00e0 16 de agosto de 2015 - Move M\u00f3vel","robots":{"index":"index","follow":"follow","max-snippet":"max-snippet:-1","max-image-preview":"max-image-preview:large","max-video-preview":"max-video-preview:-1"},"canonical":"https:\/\/www.movemovel.com.br\/blog\/design-weekend-sao-paulo-de-12-a-16-de-agosto-de-2015\/","og_locale":"pt_BR","og_type":"article","og_title":"Design Weekend | S\u00e3o Paulo | de 12 \u00e0 16 de agosto de 2015 - Move M\u00f3vel","og_description":"DW!: O que \u00e9? O Design Weekend \u00e9 um festival urbano que tem o objetivo de promover a \u00a0cultura do design e suas conex\u00f5es com arquitetura, arte, decora\u00e7\u00e3o, urbanismo, inclus\u00e3o","og_url":"https:\/\/www.movemovel.com.br\/blog\/design-weekend-sao-paulo-de-12-a-16-de-agosto-de-2015\/","og_site_name":"Move M\u00f3vel","article_published_time":"2015-08-05T19:58:00+00:00","article_modified_time":"2019-10-18T12:55:45+00:00","og_image":[{"width":542,"height":340,"url":"https:\/\/www.movemovel.com.br\/blog\/wp-content\/uploads\/2015\/08\/destaque_blog-542x3401.jpg","type":"image\/jpeg"}],"author":"movemovel","twitter_card":"summary_large_image","twitter_misc":{"Escrito por":"movemovel","Est. tempo de leitura":"1 minuto"},"schema":{"@context":"https:\/\/schema.org","@graph":[{"@type":"WebPage","@id":"https:\/\/www.movemovel.com.br\/blog\/design-weekend-sao-paulo-de-12-a-16-de-agosto-de-2015\/","url":"https:\/\/www.movemovel.com.br\/blog\/design-weekend-sao-paulo-de-12-a-16-de-agosto-de-2015\/","name":"Design Weekend | S\u00e3o Paulo | de 12 \u00e0 16 de agosto de 2015 - Move M\u00f3vel","isPartOf":{"@id":"https:\/\/www.movemovel.com.br\/blog\/#website"},"datePublished":"2015-08-05T19:58:00+00:00","dateModified":"2019-10-18T12:55:45+00:00","author":{"@id":"https:\/\/www.movemovel.com.br\/blog\/#\/schema\/person\/ab0cf0e6a6e0d3f18d21e930f7e88aa0"},"breadcrumb":{"@id":"https:\/\/www.movemovel.com.br\/blog\/design-weekend-sao-paulo-de-12-a-16-de-agosto-de-2015\/#breadcrumb"},"inLanguage":"pt-BR","potentialAction":[{"@type":"ReadAction","target":["https:\/\/www.movemovel.com.br\/blog\/design-weekend-sao-paulo-de-12-a-16-de-agosto-de-2015\/"]}]},{"@type":"BreadcrumbList","@id":"https:\/\/www.movemovel.com.br\/blog\/design-weekend-sao-paulo-de-12-a-16-de-agosto-de-2015\/#breadcrumb","itemListElement":[{"@type":"ListItem","position":1,"name":"In\u00edcio","item":"https:\/\/www.movemovel.com.br\/blog\/"},{"@type":"ListItem","position":2,"name":"Design Weekend | S\u00e3o Paulo | de 12 \u00e0 16 de agosto de 2015"}]},{"@type":"WebSite","@id":"https:\/\/www.movemovel.com.br\/blog\/#website","url":"https:\/\/www.movemovel.com.br\/blog\/","name":"Move M\u00f3vel","description":"Design criativo, contempor\u00e2neo, artesanal e personalizado.","potentialAction":[{"@type":"SearchAction","target":{"@type":"EntryPoint","urlTemplate":"https:\/\/www.movemovel.com.br\/blog\/?s={search_term_string}"},"query-input":"required name=search_term_string"}],"inLanguage":"pt-BR"},{"@type":"Person","@id":"https:\/\/www.movemovel.com.br\/blog\/#\/schema\/person\/ab0cf0e6a6e0d3f18d21e930f7e88aa0","name":"movemovel","image":{"@type":"ImageObject","inLanguage":"pt-BR","@id":"https:\/\/www.movemovel.com.br\/blog\/#\/schema\/person\/image\/","url":"https:\/\/secure.gravatar.com\/avatar\/4deecb247bfe9291394aa9aaf659502e?s=96&d=mm&r=g","contentUrl":"https:\/\/secure.gravatar.com\/avatar\/4deecb247bfe9291394aa9aaf659502e?s=96&d=mm&r=g","caption":"movemovel"},"sameAs":["https:\/\/www.movemovel.com.br"],"url":"https:\/\/www.movemovel.com.br\/blog\/author\/movemovel\/"}]}},"_links":{"self":[{"href":"https:\/\/www.movemovel.com.br\/blog\/wp-json\/wp\/v2\/posts\/2685"}],"collection":[{"href":"https:\/\/www.movemovel.com.br\/blog\/wp-json\/wp\/v2\/posts"}],"about":[{"href":"https:\/\/www.movemovel.com.br\/blog\/wp-json\/wp\/v2\/types\/post"}],"author":[{"embeddable":true,"href":"https:\/\/www.movemovel.com.br\/blog\/wp-json\/wp\/v2\/users\/5"}],"replies":[{"embeddable":true,"href":"https:\/\/www.movemovel.com.br\/blog\/wp-json\/wp\/v2\/comments?post=2685"}],"version-history":[{"count":0,"href":"https:\/\/www.movemovel.com.br\/blog\/wp-json\/wp\/v2\/posts\/2685\/revisions"}],"wp:featuredmedia":[{"embeddable":true,"href":"https:\/\/www.movemovel.com.br\/blog\/wp-json\/wp\/v2\/media\/2710"}],"wp:attachment":[{"href":"https:\/\/www.movemovel.com.br\/blog\/wp-json\/wp\/v2\/media?parent=2685"}],"wp:term":[{"taxonomy":"category","embeddable":true,"href":"https:\/\/www.movemovel.com.br\/blog\/wp-json\/wp\/v2\/categories?post=2685"},{"taxonomy":"post_tag","embeddable":true,"href":"https:\/\/www.movemovel.com.br\/blog\/wp-json\/wp\/v2\/tags?post=2685"}],"curies":[{"name":"wp","href":"https:\/\/api.w.org\/{rel}","templated":true}]}}