{"id":2934,"date":"2017-02-15T20:21:17","date_gmt":"2017-02-15T20:21:17","guid":{"rendered":"https:\/\/www.movemovel.com.br\/blog\/?p=2934"},"modified":"2019-10-18T12:55:10","modified_gmt":"2019-10-18T12:55:10","slug":"uma-estante-funcional-e-versatil","status":"publish","type":"post","link":"https:\/\/www.movemovel.com.br\/blog\/uma-estante-funcional-e-versatil\/","title":{"rendered":"Uma Estante funcional e vers\u00e1til!"},"content":{"rendered":"<p>Sabemos que as estantes auxiliam na organiza\u00e7\u00e3o e tamb\u00e9m s\u00e3o pe\u00e7as decorativas presente em v\u00e1rios ambientes da casa.\u00a0 Mesmo que hoje em dia o h\u00e1bito de ter fileiras e mais fileiras de livros esteja diminuindo devido aos avan\u00e7os tecnol\u00f3gicos, esse m\u00f3vel ic\u00f4nico ainda tem sua import\u00e2ncia seja em ambientes corporativos ou residenciais.<\/p>\n<p>A Estante Modular da Move M\u00f3vel \u00e9 composta por caixas sobrepostas que assumem v\u00e1rias posi\u00e7\u00f5es. Um espa\u00e7o perfeito para guardar livros de diversos tamanhos e muitos outros objetos. Al\u00e9m disso, \u00e9 uma \u00f3tima op\u00e7\u00e3o para seu escrit\u00f3rio, para o quarto das crian\u00e7as, um cantinho de leitura e uma sala de estar ou TV.<\/p>\n<p>O mais divertido dessa estante \u00e9 que voc\u00ea pode personaliz\u00e1-la, no n\u00famero das caixas, no modelo das pernas e no acabamento com as op\u00e7\u00f5es colorido ou madeira. <a href=\"http:\/\/www.movemovel.com.br\/personalizados-16\/estante-cubo-palito.html\">Clique aqui <\/a>d\u00ea uma olhada ou<a href=\"http:\/\/www.movemovel.com.br\/contacts\"> entre em contato<\/a> com a gente para falar como voc\u00ea quer a sua.<\/p>\n<p>&nbsp;<\/p>\n<p>Equipe Move M\u00f3vel.<\/p>\n<p>&nbsp;<\/p>\n<p>&nbsp;<\/p>\n","protected":false},"excerpt":{"rendered":"<p>Sabemos que as estantes auxiliam na organiza\u00e7\u00e3o e tamb\u00e9m s\u00e3o pe\u00e7as decorativas presente em v\u00e1rios ambientes da casa.\u00a0 Mesmo que hoje em dia o h\u00e1bito de ter fileiras e mais<\/p>\n","protected":false},"author":5,"featured_media":2935,"comment_status":"open","ping_status":"open","sticky":false,"template":"","format":"image","meta":{"ngg_post_thumbnail":0},"categories":[4],"tags":[1206,1207,1210,636,1208,1209,1109,366,919,823,569],"yoast_head":"<!-- This site is optimized with the Yoast SEO plugin v19.6 - https:\/\/yoast.com\/wordpress\/plugins\/seo\/ -->\n<title>Uma Estante funcional e vers\u00e1til! - Move M\u00f3vel<\/title>\n<meta name=\"robots\" content=\"index, follow, max-snippet:-1, max-image-preview:large, max-video-preview:-1\" \/>\n<link rel=\"canonical\" href=\"https:\/\/www.movemovel.com.br\/blog\/uma-estante-funcional-e-versatil\/\" \/>\n<meta property=\"og:locale\" content=\"pt_BR\" \/>\n<meta property=\"og:type\" content=\"article\" \/>\n<meta property=\"og:title\" content=\"Uma Estante funcional e vers\u00e1til! - Move M\u00f3vel\" \/>\n<meta property=\"og:description\" content=\"Sabemos que as estantes auxiliam na organiza\u00e7\u00e3o e tamb\u00e9m s\u00e3o pe\u00e7as decorativas presente em v\u00e1rios ambientes da casa.\u00a0 Mesmo que hoje em dia o h\u00e1bito de ter fileiras e mais\" \/>\n<meta property=\"og:url\" content=\"https:\/\/www.movemovel.com.br\/blog\/uma-estante-funcional-e-versatil\/\" \/>\n<meta property=\"og:site_name\" content=\"Move M\u00f3vel\" \/>\n<meta property=\"article:published_time\" content=\"2017-02-15T20:21:17+00:00\" \/>\n<meta property=\"article:modified_time\" content=\"2019-10-18T12:55:10+00:00\" \/>\n<meta name=\"author\" content=\"movemovel\" \/>\n<meta name=\"twitter:card\" content=\"summary_large_image\" \/>\n<meta name=\"twitter:image\" content=\"https:\/\/www.movemovel.com.br\/blog\/wp-content\/uploads\/2017\/02\/MOVEMOVEL-MOVE-MOVEL-ESTANTE-MODULAR.gif\" \/>\n<meta name=\"twitter:label1\" content=\"Escrito por\" \/>\n\t<meta name=\"twitter:data1\" content=\"movemovel\" \/>\n\t<meta name=\"twitter:label2\" content=\"Est. tempo de leitura\" \/>\n\t<meta name=\"twitter:data2\" content=\"1 minuto\" \/>\n<script type=\"application\/ld+json\" class=\"yoast-schema-graph\">{\"@context\":\"https:\/\/schema.org\",\"@graph\":[{\"@type\":\"WebPage\",\"@id\":\"https:\/\/www.movemovel.com.br\/blog\/uma-estante-funcional-e-versatil\/\",\"url\":\"https:\/\/www.movemovel.com.br\/blog\/uma-estante-funcional-e-versatil\/\",\"name\":\"Uma Estante funcional e vers\u00e1til! - Move M\u00f3vel\",\"isPartOf\":{\"@id\":\"https:\/\/www.movemovel.com.br\/blog\/#website\"},\"datePublished\":\"2017-02-15T20:21:17+00:00\",\"dateModified\":\"2019-10-18T12:55:10+00:00\",\"author\":{\"@id\":\"https:\/\/www.movemovel.com.br\/blog\/#\/schema\/person\/ab0cf0e6a6e0d3f18d21e930f7e88aa0\"},\"breadcrumb\":{\"@id\":\"https:\/\/www.movemovel.com.br\/blog\/uma-estante-funcional-e-versatil\/#breadcrumb\"},\"inLanguage\":\"pt-BR\",\"potentialAction\":[{\"@type\":\"ReadAction\",\"target\":[\"https:\/\/www.movemovel.com.br\/blog\/uma-estante-funcional-e-versatil\/\"]}]},{\"@type\":\"BreadcrumbList\",\"@id\":\"https:\/\/www.movemovel.com.br\/blog\/uma-estante-funcional-e-versatil\/#breadcrumb\",\"itemListElement\":[{\"@type\":\"ListItem\",\"position\":1,\"name\":\"In\u00edcio\",\"item\":\"https:\/\/www.movemovel.com.br\/blog\/\"},{\"@type\":\"ListItem\",\"position\":2,\"name\":\"Uma Estante funcional e vers\u00e1til!\"}]},{\"@type\":\"WebSite\",\"@id\":\"https:\/\/www.movemovel.com.br\/blog\/#website\",\"url\":\"https:\/\/www.movemovel.com.br\/blog\/\",\"name\":\"Move M\u00f3vel\",\"description\":\"Design criativo, contempor\u00e2neo, artesanal e personalizado.\",\"potentialAction\":[{\"@type\":\"SearchAction\",\"target\":{\"@type\":\"EntryPoint\",\"urlTemplate\":\"https:\/\/www.movemovel.com.br\/blog\/?s={search_term_string}\"},\"query-input\":\"required name=search_term_string\"}],\"inLanguage\":\"pt-BR\"},{\"@type\":\"Person\",\"@id\":\"https:\/\/www.movemovel.com.br\/blog\/#\/schema\/person\/ab0cf0e6a6e0d3f18d21e930f7e88aa0\",\"name\":\"movemovel\",\"image\":{\"@type\":\"ImageObject\",\"inLanguage\":\"pt-BR\",\"@id\":\"https:\/\/www.movemovel.com.br\/blog\/#\/schema\/person\/image\/\",\"url\":\"https:\/\/secure.gravatar.com\/avatar\/4deecb247bfe9291394aa9aaf659502e?s=96&d=mm&r=g\",\"contentUrl\":\"https:\/\/secure.gravatar.com\/avatar\/4deecb247bfe9291394aa9aaf659502e?s=96&d=mm&r=g\",\"caption\":\"movemovel\"},\"sameAs\":[\"https:\/\/www.movemovel.com.br\"],\"url\":\"https:\/\/www.movemovel.com.br\/blog\/author\/movemovel\/\"}]}<\/script>\n<!-- \/ Yoast SEO plugin. -->","yoast_head_json":{"title":"Uma Estante funcional e vers\u00e1til! - Move M\u00f3vel","robots":{"index":"index","follow":"follow","max-snippet":"max-snippet:-1","max-image-preview":"max-image-preview:large","max-video-preview":"max-video-preview:-1"},"canonical":"https:\/\/www.movemovel.com.br\/blog\/uma-estante-funcional-e-versatil\/","og_locale":"pt_BR","og_type":"article","og_title":"Uma Estante funcional e vers\u00e1til! - Move M\u00f3vel","og_description":"Sabemos que as estantes auxiliam na organiza\u00e7\u00e3o e tamb\u00e9m s\u00e3o pe\u00e7as decorativas presente em v\u00e1rios ambientes da casa.\u00a0 Mesmo que hoje em dia o h\u00e1bito de ter fileiras e mais","og_url":"https:\/\/www.movemovel.com.br\/blog\/uma-estante-funcional-e-versatil\/","og_site_name":"Move M\u00f3vel","article_published_time":"2017-02-15T20:21:17+00:00","article_modified_time":"2019-10-18T12:55:10+00:00","author":"movemovel","twitter_card":"summary_large_image","twitter_image":"https:\/\/www.movemovel.com.br\/blog\/wp-content\/uploads\/2017\/02\/MOVEMOVEL-MOVE-MOVEL-ESTANTE-MODULAR.gif","twitter_misc":{"Escrito por":"movemovel","Est. tempo de leitura":"1 minuto"},"schema":{"@context":"https:\/\/schema.org","@graph":[{"@type":"WebPage","@id":"https:\/\/www.movemovel.com.br\/blog\/uma-estante-funcional-e-versatil\/","url":"https:\/\/www.movemovel.com.br\/blog\/uma-estante-funcional-e-versatil\/","name":"Uma Estante funcional e vers\u00e1til! - Move M\u00f3vel","isPartOf":{"@id":"https:\/\/www.movemovel.com.br\/blog\/#website"},"datePublished":"2017-02-15T20:21:17+00:00","dateModified":"2019-10-18T12:55:10+00:00","author":{"@id":"https:\/\/www.movemovel.com.br\/blog\/#\/schema\/person\/ab0cf0e6a6e0d3f18d21e930f7e88aa0"},"breadcrumb":{"@id":"https:\/\/www.movemovel.com.br\/blog\/uma-estante-funcional-e-versatil\/#breadcrumb"},"inLanguage":"pt-BR","potentialAction":[{"@type":"ReadAction","target":["https:\/\/www.movemovel.com.br\/blog\/uma-estante-funcional-e-versatil\/"]}]},{"@type":"BreadcrumbList","@id":"https:\/\/www.movemovel.com.br\/blog\/uma-estante-funcional-e-versatil\/#breadcrumb","itemListElement":[{"@type":"ListItem","position":1,"name":"In\u00edcio","item":"https:\/\/www.movemovel.com.br\/blog\/"},{"@type":"ListItem","position":2,"name":"Uma Estante funcional e vers\u00e1til!"}]},{"@type":"WebSite","@id":"https:\/\/www.movemovel.com.br\/blog\/#website","url":"https:\/\/www.movemovel.com.br\/blog\/","name":"Move M\u00f3vel","description":"Design criativo, contempor\u00e2neo, artesanal e personalizado.","potentialAction":[{"@type":"SearchAction","target":{"@type":"EntryPoint","urlTemplate":"https:\/\/www.movemovel.com.br\/blog\/?s={search_term_string}"},"query-input":"required name=search_term_string"}],"inLanguage":"pt-BR"},{"@type":"Person","@id":"https:\/\/www.movemovel.com.br\/blog\/#\/schema\/person\/ab0cf0e6a6e0d3f18d21e930f7e88aa0","name":"movemovel","image":{"@type":"ImageObject","inLanguage":"pt-BR","@id":"https:\/\/www.movemovel.com.br\/blog\/#\/schema\/person\/image\/","url":"https:\/\/secure.gravatar.com\/avatar\/4deecb247bfe9291394aa9aaf659502e?s=96&d=mm&r=g","contentUrl":"https:\/\/secure.gravatar.com\/avatar\/4deecb247bfe9291394aa9aaf659502e?s=96&d=mm&r=g","caption":"movemovel"},"sameAs":["https:\/\/www.movemovel.com.br"],"url":"https:\/\/www.movemovel.com.br\/blog\/author\/movemovel\/"}]}},"_links":{"self":[{"href":"https:\/\/www.movemovel.com.br\/blog\/wp-json\/wp\/v2\/posts\/2934"}],"collection":[{"href":"https:\/\/www.movemovel.com.br\/blog\/wp-json\/wp\/v2\/posts"}],"about":[{"href":"https:\/\/www.movemovel.com.br\/blog\/wp-json\/wp\/v2\/types\/post"}],"author":[{"embeddable":true,"href":"https:\/\/www.movemovel.com.br\/blog\/wp-json\/wp\/v2\/users\/5"}],"replies":[{"embeddable":true,"href":"https:\/\/www.movemovel.com.br\/blog\/wp-json\/wp\/v2\/comments?post=2934"}],"version-history":[{"count":0,"href":"https:\/\/www.movemovel.com.br\/blog\/wp-json\/wp\/v2\/posts\/2934\/revisions"}],"wp:featuredmedia":[{"embeddable":true,"href":"https:\/\/www.movemovel.com.br\/blog\/wp-json\/wp\/v2\/media\/2935"}],"wp:attachment":[{"href":"https:\/\/www.movemovel.com.br\/blog\/wp-json\/wp\/v2\/media?parent=2934"}],"wp:term":[{"taxonomy":"category","embeddable":true,"href":"https:\/\/www.movemovel.com.br\/blog\/wp-json\/wp\/v2\/categories?post=2934"},{"taxonomy":"post_tag","embeddable":true,"href":"https:\/\/www.movemovel.com.br\/blog\/wp-json\/wp\/v2\/tags?post=2934"}],"curies":[{"name":"wp","href":"https:\/\/api.w.org\/{rel}","templated":true}]}}