{"id":3612,"date":"2018-11-27T18:47:30","date_gmt":"2018-11-27T18:47:30","guid":{"rendered":"https:\/\/www.movemovel.com.br\/blog\/?p=3612"},"modified":"2019-10-18T12:54:05","modified_gmt":"2019-10-18T12:54:05","slug":"escrivaninhas-e-mesas-de-trabalho-para-escritorios-e-ambientes-corporativos","status":"publish","type":"post","link":"https:\/\/www.movemovel.com.br\/blog\/escrivaninhas-e-mesas-de-trabalho-para-escritorios-e-ambientes-corporativos\/","title":{"rendered":"Escrivaninhas e Mesas de trabalho para escrit\u00f3rios e ambientes corporativos."},"content":{"rendered":"<p>Pensando em montar ou renovar o escrit\u00f3rio?<\/p>\n<p>Com a Move M\u00f3vel voc\u00ea tem essa possibilidade! S\u00e3o mesas e escrivaninhas de 3 ou 4 lugares para trabalhar com espa\u00e7o e conforto, gavetas espa\u00e7osas e nichos para esconder os cabos ou instalar tomadas. Escolha as dimens\u00f5es, cores, acabamentos da pintura e modelos de perna e caixa.<\/p>\n<p>&nbsp;<\/p>\n<p style=\"text-align: center;\"><a href=\"https:\/\/www.movemovel.com.br\/blog\/wp-content\/uploads\/2018\/08\/movemovel-move-m\u00f3vel-escrivaninha-madeira-maci\u00e7a-jequitib\u00e1-8-gavetas-quilha-mesa-de-trabalho-para-escritorio-home-office.png\"><img decoding=\"async\" loading=\"lazy\" class=\"aligncenter  wp-image-3615\" alt=\"movemovel-move-m\u00f3vel-escrivaninha-madeira-maci\u00e7a-jequitib\u00e1-8-gavetas-quilha-mesa-de-trabalho-para-escritorio-home-office\" src=\"https:\/\/www.movemovel.com.br\/blog\/wp-content\/uploads\/2018\/08\/movemovel-move-m\u00f3vel-escrivaninha-madeira-maci\u00e7a-jequitib\u00e1-8-gavetas-quilha-mesa-de-trabalho-para-escritorio-home-office.png\" width=\"480\" height=\"480\" srcset=\"https:\/\/www.movemovel.com.br\/blog\/wp-content\/uploads\/2018\/08\/movemovel-move-m\u00f3vel-escrivaninha-madeira-maci\u00e7a-jequitib\u00e1-8-gavetas-quilha-mesa-de-trabalho-para-escritorio-home-office.png 800w, https:\/\/www.movemovel.com.br\/blog\/wp-content\/uploads\/2018\/08\/movemovel-move-m\u00f3vel-escrivaninha-madeira-maci\u00e7a-jequitib\u00e1-8-gavetas-quilha-mesa-de-trabalho-para-escritorio-home-office-150x150.png 150w, https:\/\/www.movemovel.com.br\/blog\/wp-content\/uploads\/2018\/08\/movemovel-move-m\u00f3vel-escrivaninha-madeira-maci\u00e7a-jequitib\u00e1-8-gavetas-quilha-mesa-de-trabalho-para-escritorio-home-office-300x300.png 300w\" sizes=\"(max-width: 480px) 100vw, 480px\" \/><\/a><\/p>\n<p>A escrivaninha 250 Quilha Jequitib\u00e1 foi projetada especialmente para um escrit\u00f3rio. Tem 8 gavetas e tampa para colocar extens\u00e3o com tomadas e cabos. Possui 250cm de largura, 80cm de profundidade e altura de 72cm.<\/p>\n<p style=\"text-align: center;\"><a href=\"https:\/\/www.movemovel.com.br\/blog\/wp-content\/uploads\/2018\/08\/movemovel-move-movel-escrivaninha-madeira-personalizada-sob-medida-para-escritorios-home-office-madeira-maci\u00e7a-jequitiba2.png\"><img decoding=\"async\" loading=\"lazy\" class=\"aligncenter size-large wp-image-3621\" alt=\"movemovel-move-movel-escrivaninha-madeira-personalizada-sob-medida-para-escritorios-home-office-madeira-maci\u00e7a-jequitiba\" src=\"https:\/\/www.movemovel.com.br\/blog\/wp-content\/uploads\/2018\/08\/movemovel-move-movel-escrivaninha-madeira-personalizada-sob-medida-para-escritorios-home-office-madeira-maci\u00e7a-jequitiba2-1024x482.png\" width=\"640\" height=\"301\" srcset=\"https:\/\/www.movemovel.com.br\/blog\/wp-content\/uploads\/2018\/08\/movemovel-move-movel-escrivaninha-madeira-personalizada-sob-medida-para-escritorios-home-office-madeira-maci\u00e7a-jequitiba2-1024x482.png 1024w, https:\/\/www.movemovel.com.br\/blog\/wp-content\/uploads\/2018\/08\/movemovel-move-movel-escrivaninha-madeira-personalizada-sob-medida-para-escritorios-home-office-madeira-maci\u00e7a-jequitiba2-300x141.png 300w\" sizes=\"(max-width: 640px) 100vw, 640px\" \/><\/a><\/p>\n<p style=\"text-align: center;\">Produzida no compensado natural e madeira maci\u00e7a Jequitib\u00e1. Acabamento no verniz acetinado.<\/p>\n<p style=\"text-align: center;\"><a href=\"https:\/\/www.movemovel.com.br\/blog\/wp-content\/uploads\/2018\/08\/movemovel-move-movel-escrivaninha-madeira-personalizada-sob-medida-para-escritorios-home-office-madeira-maci\u00e7a-jequitiba-2.png\"><img decoding=\"async\" loading=\"lazy\" class=\"aligncenter size-large wp-image-3618\" alt=\"movemovel-move-movel-escrivaninha-madeira-personalizada-sob-medida-para-escritorios-home-office-madeira-maci\u00e7a-jequitiba-2\" src=\"https:\/\/www.movemovel.com.br\/blog\/wp-content\/uploads\/2018\/08\/movemovel-move-movel-escrivaninha-madeira-personalizada-sob-medida-para-escritorios-home-office-madeira-maci\u00e7a-jequitiba-2-1024x768.png\" width=\"640\" height=\"480\" srcset=\"https:\/\/www.movemovel.com.br\/blog\/wp-content\/uploads\/2018\/08\/movemovel-move-movel-escrivaninha-madeira-personalizada-sob-medida-para-escritorios-home-office-madeira-maci\u00e7a-jequitiba-2-1024x768.png 1024w, https:\/\/www.movemovel.com.br\/blog\/wp-content\/uploads\/2018\/08\/movemovel-move-movel-escrivaninha-madeira-personalizada-sob-medida-para-escritorios-home-office-madeira-maci\u00e7a-jequitiba-2-300x224.png 300w\" sizes=\"(max-width: 640px) 100vw, 640px\" \/><\/a><\/p>\n<p style=\"text-align: center;\">Possui 08 gavetas, 04 em cada lado, e uma profundidade maior e suficiente para 4 pessoas trabalharem nela.<\/p>\n<p style=\"text-align: center;\"><a href=\"https:\/\/www.movemovel.com.br\/blog\/wp-content\/uploads\/2018\/08\/movemovel-move-movel-escrivaninha-madeira-personalizada-sob-medida-para-escritorios-home-office-madeira-maci\u00e7a-jequitiba-21.png\"><img decoding=\"async\" loading=\"lazy\" class=\"aligncenter size-large wp-image-3633\" alt=\"movemovel-move-movel-escrivaninha-madeira-personalizada-sob-medida-para-escritorios-home-office-madeira-maci\u00e7a-jequitiba-2\" src=\"https:\/\/www.movemovel.com.br\/blog\/wp-content\/uploads\/2018\/08\/movemovel-move-movel-escrivaninha-madeira-personalizada-sob-medida-para-escritorios-home-office-madeira-maci\u00e7a-jequitiba-21-1024x658.png\" width=\"640\" height=\"411\" srcset=\"https:\/\/www.movemovel.com.br\/blog\/wp-content\/uploads\/2018\/08\/movemovel-move-movel-escrivaninha-madeira-personalizada-sob-medida-para-escritorios-home-office-madeira-maci\u00e7a-jequitiba-21-1024x658.png 1024w, https:\/\/www.movemovel.com.br\/blog\/wp-content\/uploads\/2018\/08\/movemovel-move-movel-escrivaninha-madeira-personalizada-sob-medida-para-escritorios-home-office-madeira-maci\u00e7a-jequitiba-21-300x192.png 300w\" sizes=\"(max-width: 640px) 100vw, 640px\" \/><\/a><\/p>\n<p style=\"text-align: center;\"><img decoding=\"async\" loading=\"lazy\" class=\"aligncenter size-large wp-image-3632\" alt=\"movemovel-move-movel-escrivaninha-madeira-preto-mesa-de-trabalho-sob-medida-madeira-freijo-maci\u00e7a-gavetas-270 (1)\" src=\"https:\/\/www.movemovel.com.br\/blog\/wp-content\/uploads\/2018\/08\/movemovel-move-movel-escrivaninha-madeira-preto-mesa-de-trabalho-sob-medida-madeira-freijo-maci\u00e7a-gavetas-270-11-1024x479.png\" width=\"640\" height=\"299\" srcset=\"https:\/\/www.movemovel.com.br\/blog\/wp-content\/uploads\/2018\/08\/movemovel-move-movel-escrivaninha-madeira-preto-mesa-de-trabalho-sob-medida-madeira-freijo-maci\u00e7a-gavetas-270-11-1024x479.png 1024w, https:\/\/www.movemovel.com.br\/blog\/wp-content\/uploads\/2018\/08\/movemovel-move-movel-escrivaninha-madeira-preto-mesa-de-trabalho-sob-medida-madeira-freijo-maci\u00e7a-gavetas-270-11-300x140.png 300w\" sizes=\"(max-width: 640px) 100vw, 640px\" \/><\/p>\n<p style=\"text-align: center;\">Voc\u00ea tamb\u00e9m pode optar pela nossa escrivaninha com gavetas apenas na frente na dimens\u00e3o que preferir!<\/p>\n<p style=\"text-align: center;\">Essa escrivaninha tem 270cm de largura,\u00a0 60cm de profundidade e altura de 75cm, ideal para 3 pessoas trabalharem.<\/p>\n<p style=\"text-align: center;\"><a href=\"https:\/\/www.movemovel.com.br\/blog\/wp-content\/uploads\/2018\/08\/movemovel-move-movel-escrivaninha-madeira-preto-mesa-de-trabalho-sob-medida-madeira-freijo-maci\u00e7a-gavetas-270-8.png\"><img decoding=\"async\" loading=\"lazy\" class=\"aligncenter size-large wp-image-3630\" alt=\"movemovel-move-movel-escrivaninha-madeira-preto-mesa-de-trabalho-sob-medida-madeira-freijo-maci\u00e7a-gavetas-270 (8)\" src=\"https:\/\/www.movemovel.com.br\/blog\/wp-content\/uploads\/2018\/08\/movemovel-move-movel-escrivaninha-madeira-preto-mesa-de-trabalho-sob-medida-madeira-freijo-maci\u00e7a-gavetas-270-8-1024x768.png\" width=\"640\" height=\"480\" srcset=\"https:\/\/www.movemovel.com.br\/blog\/wp-content\/uploads\/2018\/08\/movemovel-move-movel-escrivaninha-madeira-preto-mesa-de-trabalho-sob-medida-madeira-freijo-maci\u00e7a-gavetas-270-8-1024x768.png 1024w, https:\/\/www.movemovel.com.br\/blog\/wp-content\/uploads\/2018\/08\/movemovel-move-movel-escrivaninha-madeira-preto-mesa-de-trabalho-sob-medida-madeira-freijo-maci\u00e7a-gavetas-270-8-300x225.png 300w\" sizes=\"(max-width: 640px) 100vw, 640px\" \/><\/a>Pernas Quilha em madeira maci\u00e7a e caixa em compensado natural de Freij\u00f3. O acabamento \u00e9 no Verniz Acetinado e Laca Especial na cor preta nas gavetas.<\/p>\n<p>&nbsp;<\/p>\n<p>&nbsp;<\/p>\n<p>Para ambientes menores, a Escrivaninha com 2m de largura \u00e9 ideal para duas pessoas trabalharem!<\/p>\n<p style=\"text-align: center;\"><a href=\"https:\/\/www.movemovel.com.br\/blog\/wp-content\/uploads\/2018\/08\/movemovel-move-movel-escrivaninha-azul-turquesa-quilha-mesa-de-trabalho-turquesa-azul-gavetas-11.png\"><img decoding=\"async\" loading=\"lazy\" class=\"aligncenter size-large wp-image-3646\" alt=\"movemovel-move-movel-escrivaninha-azul-turquesa-quilha-mesa-de-trabalho-turquesa-azul-gavetas (1)\" src=\"https:\/\/www.movemovel.com.br\/blog\/wp-content\/uploads\/2018\/08\/movemovel-move-movel-escrivaninha-azul-turquesa-quilha-mesa-de-trabalho-turquesa-azul-gavetas-11-1024x461.png\" width=\"640\" height=\"288\" srcset=\"https:\/\/www.movemovel.com.br\/blog\/wp-content\/uploads\/2018\/08\/movemovel-move-movel-escrivaninha-azul-turquesa-quilha-mesa-de-trabalho-turquesa-azul-gavetas-11-1024x461.png 1024w, https:\/\/www.movemovel.com.br\/blog\/wp-content\/uploads\/2018\/08\/movemovel-move-movel-escrivaninha-azul-turquesa-quilha-mesa-de-trabalho-turquesa-azul-gavetas-11-300x135.png 300w\" sizes=\"(max-width: 640px) 100vw, 640px\" \/><\/a><\/p>\n<p style=\"text-align: center;\"><a href=\"https:\/\/www.movemovel.com.br\/blog\/wp-content\/uploads\/2018\/08\/movemovel-move-movel-escrivaninha-azul-turquesa-quilha-mesa-de-trabalho-turquesa-azul-gavetas-2.png\"><img decoding=\"async\" loading=\"lazy\" class=\"aligncenter size-large wp-image-3644\" alt=\"movemovel-move-movel-escrivaninha-azul-turquesa-quilha-mesa-de-trabalho-turquesa-azul-gavetas (2)\" src=\"https:\/\/www.movemovel.com.br\/blog\/wp-content\/uploads\/2018\/08\/movemovel-move-movel-escrivaninha-azul-turquesa-quilha-mesa-de-trabalho-turquesa-azul-gavetas-2-1024x685.png\" width=\"640\" height=\"428\" srcset=\"https:\/\/www.movemovel.com.br\/blog\/wp-content\/uploads\/2018\/08\/movemovel-move-movel-escrivaninha-azul-turquesa-quilha-mesa-de-trabalho-turquesa-azul-gavetas-2-1024x685.png 1024w, https:\/\/www.movemovel.com.br\/blog\/wp-content\/uploads\/2018\/08\/movemovel-move-movel-escrivaninha-azul-turquesa-quilha-mesa-de-trabalho-turquesa-azul-gavetas-2-300x200.png 300w\" sizes=\"(max-width: 640px) 100vw, 640px\" \/><\/a> <a href=\"https:\/\/www.movemovel.com.br\/blog\/wp-content\/uploads\/2018\/08\/movemovel-move-movel-escrivaninha-azul-turquesa-quilha-mesa-de-trabalho-turquesa-azul-gavetas-3.png\"><img decoding=\"async\" loading=\"lazy\" class=\"aligncenter size-large wp-image-3645\" alt=\"movemovel-move-movel-escrivaninha-azul-turquesa-quilha-mesa-de-trabalho-turquesa-azul-gavetas (3)\" src=\"https:\/\/www.movemovel.com.br\/blog\/wp-content\/uploads\/2018\/08\/movemovel-move-movel-escrivaninha-azul-turquesa-quilha-mesa-de-trabalho-turquesa-azul-gavetas-3-1024x685.png\" width=\"640\" height=\"428\" srcset=\"https:\/\/www.movemovel.com.br\/blog\/wp-content\/uploads\/2018\/08\/movemovel-move-movel-escrivaninha-azul-turquesa-quilha-mesa-de-trabalho-turquesa-azul-gavetas-3-1024x685.png 1024w, https:\/\/www.movemovel.com.br\/blog\/wp-content\/uploads\/2018\/08\/movemovel-move-movel-escrivaninha-azul-turquesa-quilha-mesa-de-trabalho-turquesa-azul-gavetas-3-300x200.png 300w\" sizes=\"(max-width: 640px) 100vw, 640px\" \/><\/a><\/p>\n<p style=\"text-align: center;\">A Escrivaninha 200 Quilha Turquesa tem 200cm de largura, 60cm de profundidade e altura de 73cm. O acabamento da pintura \u00e9 na Laca Especial (aparecem levemente os veios da madeira) na cor Azul.<\/p>\n<p>&nbsp;<\/p>\n<p>&nbsp;<\/p>\n<p><a href=\"https:\/\/www.movemovel.com.br\/blog\/wp-content\/uploads\/2018\/11\/IMG_0987.jpg\"><img decoding=\"async\" loading=\"lazy\" class=\"aligncenter size-full wp-image-3724\" alt=\"IMG_0987\" src=\"https:\/\/www.movemovel.com.br\/blog\/wp-content\/uploads\/2018\/11\/IMG_0987.jpg\" width=\"770\" height=\"513\" srcset=\"https:\/\/www.movemovel.com.br\/blog\/wp-content\/uploads\/2018\/11\/IMG_0987.jpg 770w, https:\/\/www.movemovel.com.br\/blog\/wp-content\/uploads\/2018\/11\/IMG_0987-300x199.jpg 300w\" sizes=\"(max-width: 770px) 100vw, 770px\" \/><\/a><\/p>\n<p>As Mesas de Trabalho tamb\u00e9m s\u00e3o \u00f3timas para espa\u00e7os corporativos!<\/p>\n<p><a href=\"https:\/\/www.movemovel.com.br\/blog\/wp-content\/uploads\/2018\/11\/IMG_1001.jpg\"><img decoding=\"async\" loading=\"lazy\" class=\"aligncenter size-full wp-image-3725\" alt=\"IMG_1001\" src=\"https:\/\/www.movemovel.com.br\/blog\/wp-content\/uploads\/2018\/11\/IMG_1001.jpg\" width=\"770\" height=\"513\" srcset=\"https:\/\/www.movemovel.com.br\/blog\/wp-content\/uploads\/2018\/11\/IMG_1001.jpg 770w, https:\/\/www.movemovel.com.br\/blog\/wp-content\/uploads\/2018\/11\/IMG_1001-300x199.jpg 300w\" sizes=\"(max-width: 770px) 100vw, 770px\" \/><\/a><\/p>\n<p>V\u00e1rias mesas juntas formam um ambiente para 6 ou mais pessoas trabalharem em conjunto.<\/p>\n<p>&nbsp;<\/p>\n<p>Trabalhamos com o cat\u00e1logo de cores da Sayerlack e as madeiras Jequitib\u00e1 e Freij\u00f3, ent\u00e3o fique bem \u00e0 vontade na hora da personaliza\u00e7\u00e3o.<\/p>\n<p>&nbsp;<\/p>\n<p>Lembrando que a Move M\u00f3vel sempre preza pela a ergonomia na hora de projetar os m\u00f3veis. Existe uma rela\u00e7\u00e3o entre ergonomia e seguran\u00e7a do trabalho. \u00c9 lei que uma empresa assegure que seus empregados trabalhem de maneira segura e saud\u00e1vel e a ergonomia tem um papel importante nesse caso. Se algu\u00e9m trabalha em um ambiente sem um planejamento ergon\u00f4mico adequado pode ter complica\u00e7\u00f5es causadas por movimentos repetitivos ou m\u00e1 postura, por exemplo.\u00a0\u00a0Todos as nossas escrivaninhas e mesas de trabalho s\u00e3o personaliz\u00e1veis nas dimens\u00f5es, assim montando um ambiente que oferece conforto para estudos e trabalho.<\/p>\n<p>&nbsp;<\/p>\n<p>Visite o nosso site\u00a0<a href=\"http:\/\/www.movemovel.com.br\/\">www.movemovel.com.br<\/a>, onde temos muitas op\u00e7\u00f5es e caso queira algo diferente nos envie um e-mail no\u00a0<a href=\"mailto:contato@movemovel.com.br\">contato@movemovel.com.br<\/a>\u00a0ou uma mensagem de WhatsApp (11) 99394-6153 ou (11) 97094-6153.<\/p>\n<p>Para quem \u00e9 de S\u00e3o Paulo, venha tomar um caf\u00e9 conosco e conhecer nosso Ateli\u00ea Conceito na Pra\u00e7a Vilaboim, n\u00ba160 &#8211; Cj4 &#8211; Higien\u00f3polis.<\/p>\n<p>Voc\u00ea vai Adorar!<\/p>\n","protected":false},"excerpt":{"rendered":"<p>Pensando em montar ou renovar o escrit\u00f3rio? Com a Move M\u00f3vel voc\u00ea tem essa possibilidade! S\u00e3o mesas e escrivaninhas de 3 ou 4 lugares para trabalhar com espa\u00e7o e conforto,<\/p>\n","protected":false},"author":5,"featured_media":3613,"comment_status":"open","ping_status":"open","sticky":false,"template":"","format":"image","meta":{"ngg_post_thumbnail":0},"categories":[4],"tags":[1469,1475,528,567,1297,1298,818,1269,1270,1274,1019,1278,1268,1267,1200,1195,1257,1365,1366,1252,1248,1256,1262,1363,1334,1263,1255,1259,1232,1364,1339,1361,1254,1246,1345,1335,1153,1109,1277,1276,1300,1299,578,1275,1296,685,1271,1272,1273,1196,1362,1333,1343,1253,1332,1342,1338,1331,1261,1346,1360,366,945,522,738,1368,1264,1351,1289,1352,1353,1187,367,1367,1372,1371,1370,1369,1288,1358,1359,1292,1320,1301,823,1344,569,1265],"yoast_head":"<!-- This site is optimized with the Yoast SEO plugin v19.6 - https:\/\/yoast.com\/wordpress\/plugins\/seo\/ -->\n<title>Escrivaninhas e Mesas de trabalho para escrit\u00f3rios e ambientes corporativos.  - Move M\u00f3vel<\/title>\n<meta name=\"robots\" content=\"index, follow, max-snippet:-1, max-image-preview:large, max-video-preview:-1\" \/>\n<link rel=\"canonical\" href=\"https:\/\/www.movemovel.com.br\/blog\/escrivaninhas-e-mesas-de-trabalho-para-escritorios-e-ambientes-corporativos\/\" \/>\n<meta property=\"og:locale\" content=\"pt_BR\" \/>\n<meta property=\"og:type\" content=\"article\" \/>\n<meta property=\"og:title\" content=\"Escrivaninhas e Mesas de trabalho para escrit\u00f3rios e ambientes corporativos.  - Move M\u00f3vel\" \/>\n<meta property=\"og:description\" content=\"Pensando em montar ou renovar o escrit\u00f3rio? Com a Move M\u00f3vel voc\u00ea tem essa possibilidade! S\u00e3o mesas e escrivaninhas de 3 ou 4 lugares para trabalhar com espa\u00e7o e conforto,\" \/>\n<meta property=\"og:url\" content=\"https:\/\/www.movemovel.com.br\/blog\/escrivaninhas-e-mesas-de-trabalho-para-escritorios-e-ambientes-corporativos\/\" \/>\n<meta property=\"og:site_name\" content=\"Move M\u00f3vel\" \/>\n<meta property=\"article:published_time\" content=\"2018-11-27T18:47:30+00:00\" \/>\n<meta property=\"article:modified_time\" content=\"2019-10-18T12:54:05+00:00\" \/>\n<meta property=\"og:image\" content=\"https:\/\/www.movemovel.com.br\/blog\/wp-content\/uploads\/2018\/08\/movemovel-move-movel-escrivaninha-madeira-personalizada-sob-medida-para-escritorios-home-office-madeira-maci\u00e7a-jequitiba.png\" \/>\n\t<meta property=\"og:image:width\" content=\"1024\" \/>\n\t<meta property=\"og:image:height\" content=\"768\" \/>\n\t<meta property=\"og:image:type\" content=\"image\/png\" \/>\n<meta name=\"author\" content=\"movemovel\" \/>\n<meta name=\"twitter:card\" content=\"summary_large_image\" \/>\n<meta name=\"twitter:label1\" content=\"Escrito por\" \/>\n\t<meta name=\"twitter:data1\" content=\"movemovel\" \/>\n\t<meta name=\"twitter:label2\" content=\"Est. tempo de leitura\" \/>\n\t<meta name=\"twitter:data2\" content=\"2 minutos\" \/>\n<script type=\"application\/ld+json\" class=\"yoast-schema-graph\">{\"@context\":\"https:\/\/schema.org\",\"@graph\":[{\"@type\":\"WebPage\",\"@id\":\"https:\/\/www.movemovel.com.br\/blog\/escrivaninhas-e-mesas-de-trabalho-para-escritorios-e-ambientes-corporativos\/\",\"url\":\"https:\/\/www.movemovel.com.br\/blog\/escrivaninhas-e-mesas-de-trabalho-para-escritorios-e-ambientes-corporativos\/\",\"name\":\"Escrivaninhas e Mesas de trabalho para escrit\u00f3rios e ambientes corporativos. - Move M\u00f3vel\",\"isPartOf\":{\"@id\":\"https:\/\/www.movemovel.com.br\/blog\/#website\"},\"datePublished\":\"2018-11-27T18:47:30+00:00\",\"dateModified\":\"2019-10-18T12:54:05+00:00\",\"author\":{\"@id\":\"https:\/\/www.movemovel.com.br\/blog\/#\/schema\/person\/ab0cf0e6a6e0d3f18d21e930f7e88aa0\"},\"breadcrumb\":{\"@id\":\"https:\/\/www.movemovel.com.br\/blog\/escrivaninhas-e-mesas-de-trabalho-para-escritorios-e-ambientes-corporativos\/#breadcrumb\"},\"inLanguage\":\"pt-BR\",\"potentialAction\":[{\"@type\":\"ReadAction\",\"target\":[\"https:\/\/www.movemovel.com.br\/blog\/escrivaninhas-e-mesas-de-trabalho-para-escritorios-e-ambientes-corporativos\/\"]}]},{\"@type\":\"BreadcrumbList\",\"@id\":\"https:\/\/www.movemovel.com.br\/blog\/escrivaninhas-e-mesas-de-trabalho-para-escritorios-e-ambientes-corporativos\/#breadcrumb\",\"itemListElement\":[{\"@type\":\"ListItem\",\"position\":1,\"name\":\"In\u00edcio\",\"item\":\"https:\/\/www.movemovel.com.br\/blog\/\"},{\"@type\":\"ListItem\",\"position\":2,\"name\":\"Escrivaninhas e Mesas de trabalho para escrit\u00f3rios e ambientes corporativos.\"}]},{\"@type\":\"WebSite\",\"@id\":\"https:\/\/www.movemovel.com.br\/blog\/#website\",\"url\":\"https:\/\/www.movemovel.com.br\/blog\/\",\"name\":\"Move M\u00f3vel\",\"description\":\"Design criativo, contempor\u00e2neo, artesanal e personalizado.\",\"potentialAction\":[{\"@type\":\"SearchAction\",\"target\":{\"@type\":\"EntryPoint\",\"urlTemplate\":\"https:\/\/www.movemovel.com.br\/blog\/?s={search_term_string}\"},\"query-input\":\"required name=search_term_string\"}],\"inLanguage\":\"pt-BR\"},{\"@type\":\"Person\",\"@id\":\"https:\/\/www.movemovel.com.br\/blog\/#\/schema\/person\/ab0cf0e6a6e0d3f18d21e930f7e88aa0\",\"name\":\"movemovel\",\"image\":{\"@type\":\"ImageObject\",\"inLanguage\":\"pt-BR\",\"@id\":\"https:\/\/www.movemovel.com.br\/blog\/#\/schema\/person\/image\/\",\"url\":\"https:\/\/secure.gravatar.com\/avatar\/4deecb247bfe9291394aa9aaf659502e?s=96&d=mm&r=g\",\"contentUrl\":\"https:\/\/secure.gravatar.com\/avatar\/4deecb247bfe9291394aa9aaf659502e?s=96&d=mm&r=g\",\"caption\":\"movemovel\"},\"sameAs\":[\"https:\/\/www.movemovel.com.br\"],\"url\":\"https:\/\/www.movemovel.com.br\/blog\/author\/movemovel\/\"}]}<\/script>\n<!-- \/ Yoast SEO plugin. -->","yoast_head_json":{"title":"Escrivaninhas e Mesas de trabalho para escrit\u00f3rios e ambientes corporativos.  - Move M\u00f3vel","robots":{"index":"index","follow":"follow","max-snippet":"max-snippet:-1","max-image-preview":"max-image-preview:large","max-video-preview":"max-video-preview:-1"},"canonical":"https:\/\/www.movemovel.com.br\/blog\/escrivaninhas-e-mesas-de-trabalho-para-escritorios-e-ambientes-corporativos\/","og_locale":"pt_BR","og_type":"article","og_title":"Escrivaninhas e Mesas de trabalho para escrit\u00f3rios e ambientes corporativos.  - Move M\u00f3vel","og_description":"Pensando em montar ou renovar o escrit\u00f3rio? Com a Move M\u00f3vel voc\u00ea tem essa possibilidade! S\u00e3o mesas e escrivaninhas de 3 ou 4 lugares para trabalhar com espa\u00e7o e conforto,","og_url":"https:\/\/www.movemovel.com.br\/blog\/escrivaninhas-e-mesas-de-trabalho-para-escritorios-e-ambientes-corporativos\/","og_site_name":"Move M\u00f3vel","article_published_time":"2018-11-27T18:47:30+00:00","article_modified_time":"2019-10-18T12:54:05+00:00","og_image":[{"width":1024,"height":768,"url":"https:\/\/www.movemovel.com.br\/blog\/wp-content\/uploads\/2018\/08\/movemovel-move-movel-escrivaninha-madeira-personalizada-sob-medida-para-escritorios-home-office-madeira-maci\u00e7a-jequitiba.png","type":"image\/png"}],"author":"movemovel","twitter_card":"summary_large_image","twitter_misc":{"Escrito por":"movemovel","Est. tempo de leitura":"2 minutos"},"schema":{"@context":"https:\/\/schema.org","@graph":[{"@type":"WebPage","@id":"https:\/\/www.movemovel.com.br\/blog\/escrivaninhas-e-mesas-de-trabalho-para-escritorios-e-ambientes-corporativos\/","url":"https:\/\/www.movemovel.com.br\/blog\/escrivaninhas-e-mesas-de-trabalho-para-escritorios-e-ambientes-corporativos\/","name":"Escrivaninhas e Mesas de trabalho para escrit\u00f3rios e ambientes corporativos. - Move M\u00f3vel","isPartOf":{"@id":"https:\/\/www.movemovel.com.br\/blog\/#website"},"datePublished":"2018-11-27T18:47:30+00:00","dateModified":"2019-10-18T12:54:05+00:00","author":{"@id":"https:\/\/www.movemovel.com.br\/blog\/#\/schema\/person\/ab0cf0e6a6e0d3f18d21e930f7e88aa0"},"breadcrumb":{"@id":"https:\/\/www.movemovel.com.br\/blog\/escrivaninhas-e-mesas-de-trabalho-para-escritorios-e-ambientes-corporativos\/#breadcrumb"},"inLanguage":"pt-BR","potentialAction":[{"@type":"ReadAction","target":["https:\/\/www.movemovel.com.br\/blog\/escrivaninhas-e-mesas-de-trabalho-para-escritorios-e-ambientes-corporativos\/"]}]},{"@type":"BreadcrumbList","@id":"https:\/\/www.movemovel.com.br\/blog\/escrivaninhas-e-mesas-de-trabalho-para-escritorios-e-ambientes-corporativos\/#breadcrumb","itemListElement":[{"@type":"ListItem","position":1,"name":"In\u00edcio","item":"https:\/\/www.movemovel.com.br\/blog\/"},{"@type":"ListItem","position":2,"name":"Escrivaninhas e Mesas de trabalho para escrit\u00f3rios e ambientes corporativos."}]},{"@type":"WebSite","@id":"https:\/\/www.movemovel.com.br\/blog\/#website","url":"https:\/\/www.movemovel.com.br\/blog\/","name":"Move M\u00f3vel","description":"Design criativo, contempor\u00e2neo, artesanal e personalizado.","potentialAction":[{"@type":"SearchAction","target":{"@type":"EntryPoint","urlTemplate":"https:\/\/www.movemovel.com.br\/blog\/?s={search_term_string}"},"query-input":"required name=search_term_string"}],"inLanguage":"pt-BR"},{"@type":"Person","@id":"https:\/\/www.movemovel.com.br\/blog\/#\/schema\/person\/ab0cf0e6a6e0d3f18d21e930f7e88aa0","name":"movemovel","image":{"@type":"ImageObject","inLanguage":"pt-BR","@id":"https:\/\/www.movemovel.com.br\/blog\/#\/schema\/person\/image\/","url":"https:\/\/secure.gravatar.com\/avatar\/4deecb247bfe9291394aa9aaf659502e?s=96&d=mm&r=g","contentUrl":"https:\/\/secure.gravatar.com\/avatar\/4deecb247bfe9291394aa9aaf659502e?s=96&d=mm&r=g","caption":"movemovel"},"sameAs":["https:\/\/www.movemovel.com.br"],"url":"https:\/\/www.movemovel.com.br\/blog\/author\/movemovel\/"}]}},"_links":{"self":[{"href":"https:\/\/www.movemovel.com.br\/blog\/wp-json\/wp\/v2\/posts\/3612"}],"collection":[{"href":"https:\/\/www.movemovel.com.br\/blog\/wp-json\/wp\/v2\/posts"}],"about":[{"href":"https:\/\/www.movemovel.com.br\/blog\/wp-json\/wp\/v2\/types\/post"}],"author":[{"embeddable":true,"href":"https:\/\/www.movemovel.com.br\/blog\/wp-json\/wp\/v2\/users\/5"}],"replies":[{"embeddable":true,"href":"https:\/\/www.movemovel.com.br\/blog\/wp-json\/wp\/v2\/comments?post=3612"}],"version-history":[{"count":0,"href":"https:\/\/www.movemovel.com.br\/blog\/wp-json\/wp\/v2\/posts\/3612\/revisions"}],"wp:featuredmedia":[{"embeddable":true,"href":"https:\/\/www.movemovel.com.br\/blog\/wp-json\/wp\/v2\/media\/3613"}],"wp:attachment":[{"href":"https:\/\/www.movemovel.com.br\/blog\/wp-json\/wp\/v2\/media?parent=3612"}],"wp:term":[{"taxonomy":"category","embeddable":true,"href":"https:\/\/www.movemovel.com.br\/blog\/wp-json\/wp\/v2\/categories?post=3612"},{"taxonomy":"post_tag","embeddable":true,"href":"https:\/\/www.movemovel.com.br\/blog\/wp-json\/wp\/v2\/tags?post=3612"}],"curies":[{"name":"wp","href":"https:\/\/api.w.org\/{rel}","templated":true}]}}