{"id":4782,"date":"2017-06-29T15:42:00","date_gmt":"2017-06-29T15:42:00","guid":{"rendered":"https:\/\/www.movemovel.com.br\/blog\/?p=4782"},"modified":"2022-10-04T18:50:35","modified_gmt":"2022-10-04T18:50:35","slug":"camas-macicas-que-podem-ser-personalizadas","status":"publish","type":"post","link":"https:\/\/www.movemovel.com.br\/blog\/camas-macicas-que-podem-ser-personalizadas\/","title":{"rendered":"CAMAS MACI\u00c7AS QUE PODEM SER PERSONALIZADAS"},"content":{"rendered":"\n<p>Um quarto bem decorado sempre tem uma cama com design contempor\u00e2neo e aconchegante.<\/p>\n\n\n\n<p>A cama tem um papel importante no seu quarto e, por isso, deve ser bem escolhida combinando com sua decora\u00e7\u00e3o e te entregando conforto.<\/p>\n\n\n\n<p>Temos camas inteiras em madeira maci\u00e7a, s\u00e3o muito resistentes e vers\u00e1teis. S\u00e3o nas madeiras Jequitib\u00e1 e Freij\u00f3:<\/p>\n\n\n\n<figure class=\"wp-block-image size-large\"><img decoding=\"async\" loading=\"lazy\" width=\"1024\" height=\"391\" src=\"https:\/\/www.movemovel.com.br\/blog\/wp-content\/uploads\/2022\/08\/madeiras-Jequitiba-e-Freijo-1024x391.png\" alt=\"madeiras Jequitib\u00e1 e Freij\u00f3\" class=\"wp-image-4783\" srcset=\"https:\/\/www.movemovel.com.br\/blog\/wp-content\/uploads\/2022\/08\/madeiras-Jequitiba-e-Freijo-1024x391.png 1024w, https:\/\/www.movemovel.com.br\/blog\/wp-content\/uploads\/2022\/08\/madeiras-Jequitiba-e-Freijo-300x114.png 300w, https:\/\/www.movemovel.com.br\/blog\/wp-content\/uploads\/2022\/08\/madeiras-Jequitiba-e-Freijo-768x293.png 768w, https:\/\/www.movemovel.com.br\/blog\/wp-content\/uploads\/2022\/08\/madeiras-Jequitiba-e-Freijo-1536x586.png 1536w, https:\/\/www.movemovel.com.br\/blog\/wp-content\/uploads\/2022\/08\/madeiras-Jequitiba-e-Freijo-2048x781.png 2048w, https:\/\/www.movemovel.com.br\/blog\/wp-content\/uploads\/2022\/08\/madeiras-Jequitiba-e-Freijo-1520x580.png 1520w, https:\/\/www.movemovel.com.br\/blog\/wp-content\/uploads\/2022\/08\/madeiras-Jequitiba-e-Freijo-760x290.png 760w\" sizes=\"(max-width: 1024px) 100vw, 1024px\" \/><\/figure>\n\n\n\n<p>N\u00f3s tamb\u00e9m estamos com uma novidade nos acabamentos: Freij\u00f3 Lavado. Gostou dela? Clique aqui para comprar em nosso site.<\/p>\n\n\n\n<figure class=\"wp-block-image size-large\"><img decoding=\"async\" loading=\"lazy\" width=\"1024\" height=\"391\" src=\"https:\/\/www.movemovel.com.br\/blog\/wp-content\/uploads\/2022\/08\/acabamentos-Freijo-Lavado-1024x391.png\" alt=\"acabamentos Freij\u00f3 Lavado\" class=\"wp-image-4784\" srcset=\"https:\/\/www.movemovel.com.br\/blog\/wp-content\/uploads\/2022\/08\/acabamentos-Freijo-Lavado-1024x391.png 1024w, https:\/\/www.movemovel.com.br\/blog\/wp-content\/uploads\/2022\/08\/acabamentos-Freijo-Lavado-300x114.png 300w, https:\/\/www.movemovel.com.br\/blog\/wp-content\/uploads\/2022\/08\/acabamentos-Freijo-Lavado-768x293.png 768w, https:\/\/www.movemovel.com.br\/blog\/wp-content\/uploads\/2022\/08\/acabamentos-Freijo-Lavado-1536x586.png 1536w, https:\/\/www.movemovel.com.br\/blog\/wp-content\/uploads\/2022\/08\/acabamentos-Freijo-Lavado-2048x781.png 2048w, https:\/\/www.movemovel.com.br\/blog\/wp-content\/uploads\/2022\/08\/acabamentos-Freijo-Lavado-1520x580.png 1520w, https:\/\/www.movemovel.com.br\/blog\/wp-content\/uploads\/2022\/08\/acabamentos-Freijo-Lavado-760x290.png 760w\" sizes=\"(max-width: 1024px) 100vw, 1024px\" \/><\/figure>\n\n\n\n<p>Quer optar por uma cama colorida? Voc\u00ea tamb\u00e9m pode. Trabalhamos com o cat\u00e1logo da Sayerlack e sim, h\u00e1 muitas op\u00e7\u00f5es de cores maravilhosas para sua cama!<\/p>\n\n\n\n<figure class=\"wp-block-image size-large\"><img decoding=\"async\" loading=\"lazy\" width=\"1024\" height=\"762\" src=\"https:\/\/www.movemovel.com.br\/blog\/wp-content\/uploads\/2022\/08\/catalogo-da-Sayerlack-1024x762.png\" alt=\"cat\u00e1logo da Sayerlack\" class=\"wp-image-4785\" srcset=\"https:\/\/www.movemovel.com.br\/blog\/wp-content\/uploads\/2022\/08\/catalogo-da-Sayerlack-1024x762.png 1024w, https:\/\/www.movemovel.com.br\/blog\/wp-content\/uploads\/2022\/08\/catalogo-da-Sayerlack-300x223.png 300w, https:\/\/www.movemovel.com.br\/blog\/wp-content\/uploads\/2022\/08\/catalogo-da-Sayerlack-768x571.png 768w, https:\/\/www.movemovel.com.br\/blog\/wp-content\/uploads\/2022\/08\/catalogo-da-Sayerlack-760x566.png 760w, https:\/\/www.movemovel.com.br\/blog\/wp-content\/uploads\/2022\/08\/catalogo-da-Sayerlack.png 1102w\" sizes=\"(max-width: 1024px) 100vw, 1024px\" \/><\/figure>\n\n\n\n<p>E falando em cabeceira, que tal uma cama que voc\u00ea pode personalizar? Na Move M\u00f3vel voc\u00ea pode escolher como quer a sua cabeceira, em couro, lisa ou tiras de madeira.<\/p>\n\n\n\n<p>Voc\u00ea tamb\u00e9m pode optar s\u00f3 pelo box sem a cabeceira:<\/p>\n\n\n\n<p>Quanto as dimens\u00f5es, voc\u00ea pode escolher entre Casal, Queen e King:<br><img decoding=\"async\" loading=\"lazy\" width=\"1152\" height=\"820\" class=\"wp-image-4786\" style=\"\" src=\"https:\/\/www.movemovel.com.br\/blog\/wp-content\/uploads\/2022\/08\/Camas-Casal-Queen-e-King.png\" alt=\"Camas Casal, Queen e King\" srcset=\"https:\/\/www.movemovel.com.br\/blog\/wp-content\/uploads\/2022\/08\/Camas-Casal-Queen-e-King.png 1152w, https:\/\/www.movemovel.com.br\/blog\/wp-content\/uploads\/2022\/08\/Camas-Casal-Queen-e-King-300x214.png 300w, https:\/\/www.movemovel.com.br\/blog\/wp-content\/uploads\/2022\/08\/Camas-Casal-Queen-e-King-1024x729.png 1024w, https:\/\/www.movemovel.com.br\/blog\/wp-content\/uploads\/2022\/08\/Camas-Casal-Queen-e-King-768x547.png 768w, https:\/\/www.movemovel.com.br\/blog\/wp-content\/uploads\/2022\/08\/Camas-Casal-Queen-e-King-760x541.png 760w\" sizes=\"(max-width: 1152px) 100vw, 1152px\" \/><\/p>\n\n\n\n<figure class=\"wp-block-image size-full\"><img decoding=\"async\" loading=\"lazy\" width=\"1024\" height=\"768\" src=\"https:\/\/www.movemovel.com.br\/blog\/wp-content\/uploads\/2022\/08\/camas-macicas-que-podem-ser-personalizadas-altura.png\" alt=\"camas-macicas-que-podem-ser-personalizadas altura\" class=\"wp-image-4787\" srcset=\"https:\/\/www.movemovel.com.br\/blog\/wp-content\/uploads\/2022\/08\/camas-macicas-que-podem-ser-personalizadas-altura.png 1024w, https:\/\/www.movemovel.com.br\/blog\/wp-content\/uploads\/2022\/08\/camas-macicas-que-podem-ser-personalizadas-altura-300x225.png 300w, https:\/\/www.movemovel.com.br\/blog\/wp-content\/uploads\/2022\/08\/camas-macicas-que-podem-ser-personalizadas-altura-768x576.png 768w, https:\/\/www.movemovel.com.br\/blog\/wp-content\/uploads\/2022\/08\/camas-macicas-que-podem-ser-personalizadas-altura-760x570.png 760w\" sizes=\"(max-width: 1024px) 100vw, 1024px\" \/><\/figure>\n\n\n\n<p>Ao longo do tempo voc\u00ea tamb\u00e9m pode deixar a cama mais alta ou baixa trocando as pernas.<\/p>\n\n\n\n<p>Entre em contato conosco pelo WhatsApp: (11) 99394-6153 ou pelo nosso e-mail contato@movemovel.com.br para personalizar sua cama!<\/p>\n\n\n\n<p>Equipe Move M\u00f3vel<\/p>\n","protected":false},"excerpt":{"rendered":"<p>Um quarto bem decorado sempre tem uma cama com design contempor\u00e2neo e aconchegante. A cama tem um papel importante no seu quarto e, por isso, deve ser bem escolhida combinando<\/p>\n","protected":false},"author":5,"featured_media":3020,"comment_status":"closed","ping_status":"open","sticky":false,"template":"","format":"image","meta":{"ngg_post_thumbnail":0},"categories":[4],"tags":[1634,1635],"yoast_head":"<!-- This site is optimized with the Yoast SEO plugin v19.6 - https:\/\/yoast.com\/wordpress\/plugins\/seo\/ -->\n<title>CAMAS MACI\u00c7AS QUE PODEM SER PERSONALIZADAS - Move M\u00f3vel<\/title>\n<meta name=\"description\" content=\"Um quarto bem decorado sempre tem uma cama com design contempor\u00e2neo e aconchegante. A cama tem um papel importante no seu quarto e, por isso\" \/>\n<meta name=\"robots\" content=\"index, follow, max-snippet:-1, max-image-preview:large, max-video-preview:-1\" \/>\n<link rel=\"canonical\" href=\"https:\/\/www.movemovel.com.br\/blog\/camas-macicas-que-podem-ser-personalizadas\/\" \/>\n<meta property=\"og:locale\" content=\"pt_BR\" \/>\n<meta property=\"og:type\" content=\"article\" \/>\n<meta property=\"og:title\" content=\"CAMAS MACI\u00c7AS QUE PODEM SER PERSONALIZADAS - Move M\u00f3vel\" \/>\n<meta property=\"og:description\" content=\"Um quarto bem decorado sempre tem uma cama com design contempor\u00e2neo e aconchegante. A cama tem um papel importante no seu quarto e, por isso\" \/>\n<meta property=\"og:url\" content=\"https:\/\/www.movemovel.com.br\/blog\/camas-macicas-que-podem-ser-personalizadas\/\" \/>\n<meta property=\"og:site_name\" content=\"Move M\u00f3vel\" \/>\n<meta property=\"article:published_time\" content=\"2017-06-29T15:42:00+00:00\" \/>\n<meta property=\"article:modified_time\" content=\"2022-10-04T18:50:35+00:00\" \/>\n<meta property=\"og:image\" content=\"https:\/\/www.movemovel.com.br\/blog\/wp-content\/uploads\/2017\/03\/movemovel-move-movel-cama-ambiente-1024x658.png\" \/>\n\t<meta property=\"og:image:width\" content=\"1024\" \/>\n\t<meta property=\"og:image:height\" content=\"658\" \/>\n\t<meta property=\"og:image:type\" content=\"image\/png\" \/>\n<meta name=\"author\" content=\"movemovel\" \/>\n<meta name=\"twitter:card\" content=\"summary_large_image\" \/>\n<meta name=\"twitter:label1\" content=\"Escrito por\" \/>\n\t<meta name=\"twitter:data1\" content=\"movemovel\" \/>\n\t<meta name=\"twitter:label2\" content=\"Est. tempo de leitura\" \/>\n\t<meta name=\"twitter:data2\" content=\"3 minutos\" \/>\n<script type=\"application\/ld+json\" class=\"yoast-schema-graph\">{\"@context\":\"https:\/\/schema.org\",\"@graph\":[{\"@type\":\"WebPage\",\"@id\":\"https:\/\/www.movemovel.com.br\/blog\/camas-macicas-que-podem-ser-personalizadas\/\",\"url\":\"https:\/\/www.movemovel.com.br\/blog\/camas-macicas-que-podem-ser-personalizadas\/\",\"name\":\"CAMAS MACI\u00c7AS QUE PODEM SER PERSONALIZADAS - Move M\u00f3vel\",\"isPartOf\":{\"@id\":\"https:\/\/www.movemovel.com.br\/blog\/#website\"},\"datePublished\":\"2017-06-29T15:42:00+00:00\",\"dateModified\":\"2022-10-04T18:50:35+00:00\",\"author\":{\"@id\":\"https:\/\/www.movemovel.com.br\/blog\/#\/schema\/person\/ab0cf0e6a6e0d3f18d21e930f7e88aa0\"},\"description\":\"Um quarto bem decorado sempre tem uma cama com design contempor\u00e2neo e aconchegante. A cama tem um papel importante no seu quarto e, por isso\",\"breadcrumb\":{\"@id\":\"https:\/\/www.movemovel.com.br\/blog\/camas-macicas-que-podem-ser-personalizadas\/#breadcrumb\"},\"inLanguage\":\"pt-BR\",\"potentialAction\":[{\"@type\":\"ReadAction\",\"target\":[\"https:\/\/www.movemovel.com.br\/blog\/camas-macicas-que-podem-ser-personalizadas\/\"]}]},{\"@type\":\"BreadcrumbList\",\"@id\":\"https:\/\/www.movemovel.com.br\/blog\/camas-macicas-que-podem-ser-personalizadas\/#breadcrumb\",\"itemListElement\":[{\"@type\":\"ListItem\",\"position\":1,\"name\":\"In\u00edcio\",\"item\":\"https:\/\/www.movemovel.com.br\/blog\/\"},{\"@type\":\"ListItem\",\"position\":2,\"name\":\"CAMAS MACI\u00c7AS QUE PODEM SER PERSONALIZADAS\"}]},{\"@type\":\"WebSite\",\"@id\":\"https:\/\/www.movemovel.com.br\/blog\/#website\",\"url\":\"https:\/\/www.movemovel.com.br\/blog\/\",\"name\":\"Move M\u00f3vel\",\"description\":\"Design criativo, contempor\u00e2neo, artesanal e personalizado.\",\"potentialAction\":[{\"@type\":\"SearchAction\",\"target\":{\"@type\":\"EntryPoint\",\"urlTemplate\":\"https:\/\/www.movemovel.com.br\/blog\/?s={search_term_string}\"},\"query-input\":\"required name=search_term_string\"}],\"inLanguage\":\"pt-BR\"},{\"@type\":\"Person\",\"@id\":\"https:\/\/www.movemovel.com.br\/blog\/#\/schema\/person\/ab0cf0e6a6e0d3f18d21e930f7e88aa0\",\"name\":\"movemovel\",\"image\":{\"@type\":\"ImageObject\",\"inLanguage\":\"pt-BR\",\"@id\":\"https:\/\/www.movemovel.com.br\/blog\/#\/schema\/person\/image\/\",\"url\":\"https:\/\/secure.gravatar.com\/avatar\/4deecb247bfe9291394aa9aaf659502e?s=96&d=mm&r=g\",\"contentUrl\":\"https:\/\/secure.gravatar.com\/avatar\/4deecb247bfe9291394aa9aaf659502e?s=96&d=mm&r=g\",\"caption\":\"movemovel\"},\"sameAs\":[\"https:\/\/www.movemovel.com.br\"],\"url\":\"https:\/\/www.movemovel.com.br\/blog\/author\/movemovel\/\"}]}<\/script>\n<!-- \/ Yoast SEO plugin. -->","yoast_head_json":{"title":"CAMAS MACI\u00c7AS QUE PODEM SER PERSONALIZADAS - Move M\u00f3vel","description":"Um quarto bem decorado sempre tem uma cama com design contempor\u00e2neo e aconchegante. A cama tem um papel importante no seu quarto e, por isso","robots":{"index":"index","follow":"follow","max-snippet":"max-snippet:-1","max-image-preview":"max-image-preview:large","max-video-preview":"max-video-preview:-1"},"canonical":"https:\/\/www.movemovel.com.br\/blog\/camas-macicas-que-podem-ser-personalizadas\/","og_locale":"pt_BR","og_type":"article","og_title":"CAMAS MACI\u00c7AS QUE PODEM SER PERSONALIZADAS - Move M\u00f3vel","og_description":"Um quarto bem decorado sempre tem uma cama com design contempor\u00e2neo e aconchegante. A cama tem um papel importante no seu quarto e, por isso","og_url":"https:\/\/www.movemovel.com.br\/blog\/camas-macicas-que-podem-ser-personalizadas\/","og_site_name":"Move M\u00f3vel","article_published_time":"2017-06-29T15:42:00+00:00","article_modified_time":"2022-10-04T18:50:35+00:00","og_image":[{"width":1024,"height":658,"url":"https:\/\/www.movemovel.com.br\/blog\/wp-content\/uploads\/2017\/03\/movemovel-move-movel-cama-ambiente-1024x658.png","type":"image\/png"}],"author":"movemovel","twitter_card":"summary_large_image","twitter_misc":{"Escrito por":"movemovel","Est. tempo de leitura":"3 minutos"},"schema":{"@context":"https:\/\/schema.org","@graph":[{"@type":"WebPage","@id":"https:\/\/www.movemovel.com.br\/blog\/camas-macicas-que-podem-ser-personalizadas\/","url":"https:\/\/www.movemovel.com.br\/blog\/camas-macicas-que-podem-ser-personalizadas\/","name":"CAMAS MACI\u00c7AS QUE PODEM SER PERSONALIZADAS - Move M\u00f3vel","isPartOf":{"@id":"https:\/\/www.movemovel.com.br\/blog\/#website"},"datePublished":"2017-06-29T15:42:00+00:00","dateModified":"2022-10-04T18:50:35+00:00","author":{"@id":"https:\/\/www.movemovel.com.br\/blog\/#\/schema\/person\/ab0cf0e6a6e0d3f18d21e930f7e88aa0"},"description":"Um quarto bem decorado sempre tem uma cama com design contempor\u00e2neo e aconchegante. A cama tem um papel importante no seu quarto e, por isso","breadcrumb":{"@id":"https:\/\/www.movemovel.com.br\/blog\/camas-macicas-que-podem-ser-personalizadas\/#breadcrumb"},"inLanguage":"pt-BR","potentialAction":[{"@type":"ReadAction","target":["https:\/\/www.movemovel.com.br\/blog\/camas-macicas-que-podem-ser-personalizadas\/"]}]},{"@type":"BreadcrumbList","@id":"https:\/\/www.movemovel.com.br\/blog\/camas-macicas-que-podem-ser-personalizadas\/#breadcrumb","itemListElement":[{"@type":"ListItem","position":1,"name":"In\u00edcio","item":"https:\/\/www.movemovel.com.br\/blog\/"},{"@type":"ListItem","position":2,"name":"CAMAS MACI\u00c7AS QUE PODEM SER PERSONALIZADAS"}]},{"@type":"WebSite","@id":"https:\/\/www.movemovel.com.br\/blog\/#website","url":"https:\/\/www.movemovel.com.br\/blog\/","name":"Move M\u00f3vel","description":"Design criativo, contempor\u00e2neo, artesanal e personalizado.","potentialAction":[{"@type":"SearchAction","target":{"@type":"EntryPoint","urlTemplate":"https:\/\/www.movemovel.com.br\/blog\/?s={search_term_string}"},"query-input":"required name=search_term_string"}],"inLanguage":"pt-BR"},{"@type":"Person","@id":"https:\/\/www.movemovel.com.br\/blog\/#\/schema\/person\/ab0cf0e6a6e0d3f18d21e930f7e88aa0","name":"movemovel","image":{"@type":"ImageObject","inLanguage":"pt-BR","@id":"https:\/\/www.movemovel.com.br\/blog\/#\/schema\/person\/image\/","url":"https:\/\/secure.gravatar.com\/avatar\/4deecb247bfe9291394aa9aaf659502e?s=96&d=mm&r=g","contentUrl":"https:\/\/secure.gravatar.com\/avatar\/4deecb247bfe9291394aa9aaf659502e?s=96&d=mm&r=g","caption":"movemovel"},"sameAs":["https:\/\/www.movemovel.com.br"],"url":"https:\/\/www.movemovel.com.br\/blog\/author\/movemovel\/"}]}},"_links":{"self":[{"href":"https:\/\/www.movemovel.com.br\/blog\/wp-json\/wp\/v2\/posts\/4782"}],"collection":[{"href":"https:\/\/www.movemovel.com.br\/blog\/wp-json\/wp\/v2\/posts"}],"about":[{"href":"https:\/\/www.movemovel.com.br\/blog\/wp-json\/wp\/v2\/types\/post"}],"author":[{"embeddable":true,"href":"https:\/\/www.movemovel.com.br\/blog\/wp-json\/wp\/v2\/users\/5"}],"replies":[{"embeddable":true,"href":"https:\/\/www.movemovel.com.br\/blog\/wp-json\/wp\/v2\/comments?post=4782"}],"version-history":[{"count":1,"href":"https:\/\/www.movemovel.com.br\/blog\/wp-json\/wp\/v2\/posts\/4782\/revisions"}],"predecessor-version":[{"id":4789,"href":"https:\/\/www.movemovel.com.br\/blog\/wp-json\/wp\/v2\/posts\/4782\/revisions\/4789"}],"wp:featuredmedia":[{"embeddable":true,"href":"https:\/\/www.movemovel.com.br\/blog\/wp-json\/wp\/v2\/media\/3020"}],"wp:attachment":[{"href":"https:\/\/www.movemovel.com.br\/blog\/wp-json\/wp\/v2\/media?parent=4782"}],"wp:term":[{"taxonomy":"category","embeddable":true,"href":"https:\/\/www.movemovel.com.br\/blog\/wp-json\/wp\/v2\/categories?post=4782"},{"taxonomy":"post_tag","embeddable":true,"href":"https:\/\/www.movemovel.com.br\/blog\/wp-json\/wp\/v2\/tags?post=4782"}],"curies":[{"name":"wp","href":"https:\/\/api.w.org\/{rel}","templated":true}]}}