{"id":5057,"date":"2024-11-06T14:10:33","date_gmt":"2024-11-06T14:10:33","guid":{"rendered":"https:\/\/www.movemovel.com.br\/blog\/?p=5057"},"modified":"2024-11-06T14:10:33","modified_gmt":"2024-11-06T14:10:33","slug":"madeiras-naturais-para-moveis-trazem-mais-aconchego-no-espaco","status":"publish","type":"post","link":"https:\/\/www.movemovel.com.br\/blog\/madeiras-naturais-para-moveis-trazem-mais-aconchego-no-espaco\/","title":{"rendered":"Madeiras Naturais para m\u00f3veis trazem mais aconchego no espa\u00e7o."},"content":{"rendered":"<p>N\u00f3s adoramos os materiais naturais e escolhemos s\u00f3 trabalhar com madeiras maci\u00e7as e seus componentes naturais. A madeira al\u00e9m de resgatar a mem\u00f3ria dos nossos antepassados traz uma energia boa para toque, cheiro e olhar.<br \/>\nEscolhemos as madeiras Freij\u00f3 e Jequitib\u00e1, por terem tons m\u00e9dios, uma com mais desenho e outra com menos, por n\u00e3o enjoar com o passar dos anos e principalmente por terem certifica\u00e7\u00e3o de origem, que seria o DOF (Documento de Origem Florestal).<br \/>\nPara lustra\u00e7\u00e3o na pistola usamos verniz PU da Sayerlack quase fosco e n\u00e3o usamos tingimentos, para mostrar a madeira como ela \u00e9.<br \/>\n<br \/>\n<a href=\"https:\/\/www.movemovel.com.br\/blog\/wp-content\/uploads\/2024\/11\/madeiras-freijo-e-jequitiba-move-movel-movemovel.jpg\"><img decoding=\"async\" loading=\"lazy\" src=\"https:\/\/www.movemovel.com.br\/blog\/wp-content\/uploads\/2024\/11\/madeiras-freijo-e-jequitiba-move-movel-movemovel.jpg\" alt=\"\" width=\"1080\" height=\"1080\" class=\"alignnone size-full wp-image-5059\" srcset=\"https:\/\/www.movemovel.com.br\/blog\/wp-content\/uploads\/2024\/11\/madeiras-freijo-e-jequitiba-move-movel-movemovel.jpg 1080w, https:\/\/www.movemovel.com.br\/blog\/wp-content\/uploads\/2024\/11\/madeiras-freijo-e-jequitiba-move-movel-movemovel-300x300.jpg 300w, https:\/\/www.movemovel.com.br\/blog\/wp-content\/uploads\/2024\/11\/madeiras-freijo-e-jequitiba-move-movel-movemovel-1024x1024.jpg 1024w, https:\/\/www.movemovel.com.br\/blog\/wp-content\/uploads\/2024\/11\/madeiras-freijo-e-jequitiba-move-movel-movemovel-150x150.jpg 150w, https:\/\/www.movemovel.com.br\/blog\/wp-content\/uploads\/2024\/11\/madeiras-freijo-e-jequitiba-move-movel-movemovel-768x768.jpg 768w, https:\/\/www.movemovel.com.br\/blog\/wp-content\/uploads\/2024\/11\/madeiras-freijo-e-jequitiba-move-movel-movemovel-53x53.jpg 53w, https:\/\/www.movemovel.com.br\/blog\/wp-content\/uploads\/2024\/11\/madeiras-freijo-e-jequitiba-move-movel-movemovel-760x760.jpg 760w, https:\/\/www.movemovel.com.br\/blog\/wp-content\/uploads\/2024\/11\/madeiras-freijo-e-jequitiba-move-movel-movemovel-70x70.jpg 70w, https:\/\/www.movemovel.com.br\/blog\/wp-content\/uploads\/2024\/11\/madeiras-freijo-e-jequitiba-move-movel-movemovel-180x180.jpg 180w, https:\/\/www.movemovel.com.br\/blog\/wp-content\/uploads\/2024\/11\/madeiras-freijo-e-jequitiba-move-movel-movemovel-360x360.jpg 360w\" sizes=\"(max-width: 1080px) 100vw, 1080px\" \/><\/a><br \/>\n<br \/>\nNossa marca gosta deste slogan <em>M\u00f3veis Para Toda Vida, feitos com materiais naturais de primeira.<\/em><br \/>\nNosso desenho \u00e9 pensado na mobilidade, onde pode mudar e mover ao longo dos anos.<br \/>\nMudar porque os nossos m\u00f3veis s\u00e3o compostos com pe\u00e7as: b\u00e1sicas e elaboradas. As pe\u00e7as elaboradas podem trocar ao longo do uso. Por exemplo a Cama, pode trocar a cabeceira ou os p\u00e9s; a Mesa de Jantar pode trocar as pernas ou o tampo mudar para acompanhar as mudan\u00e7as da vida.<br \/>\n<br \/>\n<a href=\"https:\/\/www.movemovel.com.br\/blog\/wp-content\/uploads\/2024\/11\/movemovel-camas-atemporais.jpg\"><img decoding=\"async\" loading=\"lazy\" src=\"https:\/\/www.movemovel.com.br\/blog\/wp-content\/uploads\/2024\/11\/movemovel-camas-atemporais.jpg\" alt=\"\" width=\"960\" height=\"604\" class=\"alignnone size-full wp-image-5061\" srcset=\"https:\/\/www.movemovel.com.br\/blog\/wp-content\/uploads\/2024\/11\/movemovel-camas-atemporais.jpg 960w, https:\/\/www.movemovel.com.br\/blog\/wp-content\/uploads\/2024\/11\/movemovel-camas-atemporais-300x189.jpg 300w, https:\/\/www.movemovel.com.br\/blog\/wp-content\/uploads\/2024\/11\/movemovel-camas-atemporais-768x483.jpg 768w, https:\/\/www.movemovel.com.br\/blog\/wp-content\/uploads\/2024\/11\/movemovel-camas-atemporais-760x478.jpg 760w\" sizes=\"(max-width: 960px) 100vw, 960px\" \/><\/a><br \/>\n<br \/>\nA confec\u00e7\u00e3o do mobili\u00e1rio em madeira maci\u00e7a e os seus componentes naturais \u00e9 totalmente artesanal e executada por artistas.<br \/>\nAcreditamos no trabalho artesanal do marceneiro da madeira maci\u00e7a, nos artistas dos entalhes e marchetaria, assim como os artes\u00e3os da palhinha, valorizamos todos os tipos de trabalhos artesanais.<br \/>\nPara cumprir todo o processo de produ\u00e7\u00e3o em madeira maci\u00e7a, utilizamos muitos maquin\u00e1rios grandes e pesados que exigem uma organiza\u00e7\u00e3o das etapas e para isso precisamos de muito espa\u00e7o para confec\u00e7\u00e3o e depois para a lustra\u00e7\u00e3o na pistola. Por isso dizemos que este tipo de trabalho est\u00e1 em extin\u00e7\u00e3o, mas s\u00e3o destes locais que saem aqueles m\u00f3veis que voc\u00ea olha e diz s\u00e3o m\u00f3veis para toda a vida.<br \/>\n<br \/>\n<a href=\"https:\/\/www.movemovel.com.br\/blog\/wp-content\/uploads\/2024\/11\/blog01.jpg\"><img decoding=\"async\" loading=\"lazy\" src=\"https:\/\/www.movemovel.com.br\/blog\/wp-content\/uploads\/2024\/11\/blog01.jpg\" alt=\"\" width=\"960\" height=\"427\" class=\"alignnone size-full wp-image-5064\" srcset=\"https:\/\/www.movemovel.com.br\/blog\/wp-content\/uploads\/2024\/11\/blog01.jpg 960w, https:\/\/www.movemovel.com.br\/blog\/wp-content\/uploads\/2024\/11\/blog01-300x133.jpg 300w, https:\/\/www.movemovel.com.br\/blog\/wp-content\/uploads\/2024\/11\/blog01-768x342.jpg 768w, https:\/\/www.movemovel.com.br\/blog\/wp-content\/uploads\/2024\/11\/blog01-760x338.jpg 760w\" sizes=\"(max-width: 960px) 100vw, 960px\" \/><\/a><br \/>\n<\/p>\n<p>A madeira natural tem a textura \u00fanica, a temperatura ideal para o tato e a beleza para olhar e acolher no espa\u00e7o.<br \/>\nLuxo \u00e9 poder ter uma pe\u00e7a composta de materiais naturais e constru\u00edda artesanalmente para voc\u00ea.<br \/>\n<br \/>\n<a href=\"https:\/\/www.movemovel.com.br\/blog\/wp-content\/uploads\/2024\/11\/blog02-1.jpg\"><img decoding=\"async\" loading=\"lazy\" src=\"https:\/\/www.movemovel.com.br\/blog\/wp-content\/uploads\/2024\/11\/blog02-1.jpg\" alt=\"\" width=\"960\" height=\"783\" class=\"alignnone size-full wp-image-5067\" srcset=\"https:\/\/www.movemovel.com.br\/blog\/wp-content\/uploads\/2024\/11\/blog02-1.jpg 960w, https:\/\/www.movemovel.com.br\/blog\/wp-content\/uploads\/2024\/11\/blog02-1-300x245.jpg 300w, https:\/\/www.movemovel.com.br\/blog\/wp-content\/uploads\/2024\/11\/blog02-1-768x626.jpg 768w, https:\/\/www.movemovel.com.br\/blog\/wp-content\/uploads\/2024\/11\/blog02-1-760x620.jpg 760w\" sizes=\"(max-width: 960px) 100vw, 960px\" \/><\/a><br \/>\n<br \/>\nE voc\u00ea, j\u00e1 escolheu o seu m\u00f3vel para a vida toda?<\/p>\n<p><strong>Para ver nossos m\u00f3veis dispon\u00edveis para compra imediata \u00e9 s\u00f3 clicar <a href=\"https:\/\/www.movemovel.com.br\/\">aqui<\/a>.<\/strong><\/p>\n<p>Quer personalizar ou est\u00e1 em d\u00favida de qual modelo ou cor fica melhor no seu ambiente? Nos envie uma mensagem pelo WhatsApp e veja todas as possibilidades!<\/p>\n<p>Entregamos em todo o Brasil.<\/p>\n<p>Agende sua visita pelo WhatsApp para atendimento presencial e venha conhecer nosso Ateli\u00ea Conceito!<\/p>\n<p>WhatsApp: (11) 99394-6153 ou (11) 97094-6153<br \/>\nInstagram: @movemovel<br \/>\nE-mail: contato@movemovel.com.br<br \/>\nAteli\u00ea Conceito: Pra\u00e7a Vilaboim, n\u00ba 160 \u2013 Cj 4 \u2013 Higien\u00f3polis \u2013 S\u00e3o Paulo.<\/p>\n","protected":false},"excerpt":{"rendered":"<p>N\u00f3s adoramos os materiais naturais e escolhemos s\u00f3 trabalhar com madeiras maci\u00e7as e seus componentes naturais. A madeira al\u00e9m de resgatar a mem\u00f3ria dos nossos antepassados traz uma energia boa<\/p>\n","protected":false},"author":10,"featured_media":5069,"comment_status":"closed","ping_status":"open","sticky":false,"template":"","format":"image","meta":{"ngg_post_thumbnail":0},"categories":[4],"tags":[1469,1475,583,1508,528,567,580,1297,1298,1109,682,366,153,1289,367,1288,1301,823],"yoast_head":"<!-- This site is optimized with the Yoast SEO plugin v19.6 - https:\/\/yoast.com\/wordpress\/plugins\/seo\/ -->\n<title>Madeiras Naturais para m\u00f3veis trazem mais aconchego no espa\u00e7o. - Move M\u00f3vel<\/title>\n<meta name=\"description\" content=\"A madeira al\u00e9m de resgatar a mem\u00f3ria dos nossos antepassados traz uma energia boa para toque, cheiro e olhar.\" \/>\n<meta name=\"robots\" content=\"index, follow, max-snippet:-1, max-image-preview:large, max-video-preview:-1\" \/>\n<link rel=\"canonical\" href=\"https:\/\/www.movemovel.com.br\/blog\/madeiras-naturais-para-moveis-trazem-mais-aconchego-no-espaco\/\" \/>\n<meta property=\"og:locale\" content=\"pt_BR\" \/>\n<meta property=\"og:type\" content=\"article\" \/>\n<meta property=\"og:title\" content=\"Madeiras Naturais para m\u00f3veis trazem mais aconchego no espa\u00e7o. - Move M\u00f3vel\" \/>\n<meta property=\"og:description\" content=\"A madeira al\u00e9m de resgatar a mem\u00f3ria dos nossos antepassados traz uma energia boa para toque, cheiro e olhar.\" \/>\n<meta property=\"og:url\" content=\"https:\/\/www.movemovel.com.br\/blog\/madeiras-naturais-para-moveis-trazem-mais-aconchego-no-espaco\/\" \/>\n<meta property=\"og:site_name\" content=\"Move M\u00f3vel\" \/>\n<meta property=\"article:published_time\" content=\"2024-11-06T14:10:33+00:00\" \/>\n<meta property=\"og:image\" content=\"https:\/\/www.movemovel.com.br\/blog\/wp-content\/uploads\/2024\/11\/pngtree-close-up-of-cut-tree-trunk-beautiful-wood-texture-revealed-image_13638319.jpg\" \/>\n\t<meta property=\"og:image:width\" content=\"960\" \/>\n\t<meta property=\"og:image:height\" content=\"538\" \/>\n\t<meta property=\"og:image:type\" content=\"image\/jpeg\" \/>\n<meta name=\"author\" content=\"movemovel_admin\" \/>\n<meta name=\"twitter:card\" content=\"summary_large_image\" \/>\n<meta name=\"twitter:label1\" content=\"Escrito por\" \/>\n\t<meta name=\"twitter:data1\" content=\"movemovel_admin\" \/>\n<script type=\"application\/ld+json\" class=\"yoast-schema-graph\">{\"@context\":\"https:\/\/schema.org\",\"@graph\":[{\"@type\":\"WebPage\",\"@id\":\"https:\/\/www.movemovel.com.br\/blog\/madeiras-naturais-para-moveis-trazem-mais-aconchego-no-espaco\/\",\"url\":\"https:\/\/www.movemovel.com.br\/blog\/madeiras-naturais-para-moveis-trazem-mais-aconchego-no-espaco\/\",\"name\":\"Madeiras Naturais para m\u00f3veis trazem mais aconchego no espa\u00e7o. - Move M\u00f3vel\",\"isPartOf\":{\"@id\":\"https:\/\/www.movemovel.com.br\/blog\/#website\"},\"datePublished\":\"2024-11-06T14:10:33+00:00\",\"dateModified\":\"2024-11-06T14:10:33+00:00\",\"author\":{\"@id\":\"https:\/\/www.movemovel.com.br\/blog\/#\/schema\/person\/9f992151481ef8945e552fc33bfef756\"},\"description\":\"A madeira al\u00e9m de resgatar a mem\u00f3ria dos nossos antepassados traz uma energia boa para toque, cheiro e olhar.\",\"breadcrumb\":{\"@id\":\"https:\/\/www.movemovel.com.br\/blog\/madeiras-naturais-para-moveis-trazem-mais-aconchego-no-espaco\/#breadcrumb\"},\"inLanguage\":\"pt-BR\",\"potentialAction\":[{\"@type\":\"ReadAction\",\"target\":[\"https:\/\/www.movemovel.com.br\/blog\/madeiras-naturais-para-moveis-trazem-mais-aconchego-no-espaco\/\"]}]},{\"@type\":\"BreadcrumbList\",\"@id\":\"https:\/\/www.movemovel.com.br\/blog\/madeiras-naturais-para-moveis-trazem-mais-aconchego-no-espaco\/#breadcrumb\",\"itemListElement\":[{\"@type\":\"ListItem\",\"position\":1,\"name\":\"In\u00edcio\",\"item\":\"https:\/\/www.movemovel.com.br\/blog\/\"},{\"@type\":\"ListItem\",\"position\":2,\"name\":\"Madeiras Naturais para m\u00f3veis trazem mais aconchego no espa\u00e7o.\"}]},{\"@type\":\"WebSite\",\"@id\":\"https:\/\/www.movemovel.com.br\/blog\/#website\",\"url\":\"https:\/\/www.movemovel.com.br\/blog\/\",\"name\":\"Move M\u00f3vel\",\"description\":\"Design criativo, contempor\u00e2neo, artesanal e personalizado.\",\"potentialAction\":[{\"@type\":\"SearchAction\",\"target\":{\"@type\":\"EntryPoint\",\"urlTemplate\":\"https:\/\/www.movemovel.com.br\/blog\/?s={search_term_string}\"},\"query-input\":\"required name=search_term_string\"}],\"inLanguage\":\"pt-BR\"},{\"@type\":\"Person\",\"@id\":\"https:\/\/www.movemovel.com.br\/blog\/#\/schema\/person\/9f992151481ef8945e552fc33bfef756\",\"name\":\"movemovel_admin\",\"image\":{\"@type\":\"ImageObject\",\"inLanguage\":\"pt-BR\",\"@id\":\"https:\/\/www.movemovel.com.br\/blog\/#\/schema\/person\/image\/\",\"url\":\"https:\/\/secure.gravatar.com\/avatar\/3e4c327288f333fd0f8ce858acbe18e3?s=96&d=mm&r=g\",\"contentUrl\":\"https:\/\/secure.gravatar.com\/avatar\/3e4c327288f333fd0f8ce858acbe18e3?s=96&d=mm&r=g\",\"caption\":\"movemovel_admin\"},\"url\":\"https:\/\/www.movemovel.com.br\/blog\/author\/movemovel_admin\/\"}]}<\/script>\n<!-- \/ Yoast SEO plugin. -->","yoast_head_json":{"title":"Madeiras Naturais para m\u00f3veis trazem mais aconchego no espa\u00e7o. - Move M\u00f3vel","description":"A madeira al\u00e9m de resgatar a mem\u00f3ria dos nossos antepassados traz uma energia boa para toque, cheiro e olhar.","robots":{"index":"index","follow":"follow","max-snippet":"max-snippet:-1","max-image-preview":"max-image-preview:large","max-video-preview":"max-video-preview:-1"},"canonical":"https:\/\/www.movemovel.com.br\/blog\/madeiras-naturais-para-moveis-trazem-mais-aconchego-no-espaco\/","og_locale":"pt_BR","og_type":"article","og_title":"Madeiras Naturais para m\u00f3veis trazem mais aconchego no espa\u00e7o. - Move M\u00f3vel","og_description":"A madeira al\u00e9m de resgatar a mem\u00f3ria dos nossos antepassados traz uma energia boa para toque, cheiro e olhar.","og_url":"https:\/\/www.movemovel.com.br\/blog\/madeiras-naturais-para-moveis-trazem-mais-aconchego-no-espaco\/","og_site_name":"Move M\u00f3vel","article_published_time":"2024-11-06T14:10:33+00:00","og_image":[{"width":960,"height":538,"url":"https:\/\/www.movemovel.com.br\/blog\/wp-content\/uploads\/2024\/11\/pngtree-close-up-of-cut-tree-trunk-beautiful-wood-texture-revealed-image_13638319.jpg","type":"image\/jpeg"}],"author":"movemovel_admin","twitter_card":"summary_large_image","twitter_misc":{"Escrito por":"movemovel_admin"},"schema":{"@context":"https:\/\/schema.org","@graph":[{"@type":"WebPage","@id":"https:\/\/www.movemovel.com.br\/blog\/madeiras-naturais-para-moveis-trazem-mais-aconchego-no-espaco\/","url":"https:\/\/www.movemovel.com.br\/blog\/madeiras-naturais-para-moveis-trazem-mais-aconchego-no-espaco\/","name":"Madeiras Naturais para m\u00f3veis trazem mais aconchego no espa\u00e7o. - Move M\u00f3vel","isPartOf":{"@id":"https:\/\/www.movemovel.com.br\/blog\/#website"},"datePublished":"2024-11-06T14:10:33+00:00","dateModified":"2024-11-06T14:10:33+00:00","author":{"@id":"https:\/\/www.movemovel.com.br\/blog\/#\/schema\/person\/9f992151481ef8945e552fc33bfef756"},"description":"A madeira al\u00e9m de resgatar a mem\u00f3ria dos nossos antepassados traz uma energia boa para toque, cheiro e olhar.","breadcrumb":{"@id":"https:\/\/www.movemovel.com.br\/blog\/madeiras-naturais-para-moveis-trazem-mais-aconchego-no-espaco\/#breadcrumb"},"inLanguage":"pt-BR","potentialAction":[{"@type":"ReadAction","target":["https:\/\/www.movemovel.com.br\/blog\/madeiras-naturais-para-moveis-trazem-mais-aconchego-no-espaco\/"]}]},{"@type":"BreadcrumbList","@id":"https:\/\/www.movemovel.com.br\/blog\/madeiras-naturais-para-moveis-trazem-mais-aconchego-no-espaco\/#breadcrumb","itemListElement":[{"@type":"ListItem","position":1,"name":"In\u00edcio","item":"https:\/\/www.movemovel.com.br\/blog\/"},{"@type":"ListItem","position":2,"name":"Madeiras Naturais para m\u00f3veis trazem mais aconchego no espa\u00e7o."}]},{"@type":"WebSite","@id":"https:\/\/www.movemovel.com.br\/blog\/#website","url":"https:\/\/www.movemovel.com.br\/blog\/","name":"Move M\u00f3vel","description":"Design criativo, contempor\u00e2neo, artesanal e personalizado.","potentialAction":[{"@type":"SearchAction","target":{"@type":"EntryPoint","urlTemplate":"https:\/\/www.movemovel.com.br\/blog\/?s={search_term_string}"},"query-input":"required name=search_term_string"}],"inLanguage":"pt-BR"},{"@type":"Person","@id":"https:\/\/www.movemovel.com.br\/blog\/#\/schema\/person\/9f992151481ef8945e552fc33bfef756","name":"movemovel_admin","image":{"@type":"ImageObject","inLanguage":"pt-BR","@id":"https:\/\/www.movemovel.com.br\/blog\/#\/schema\/person\/image\/","url":"https:\/\/secure.gravatar.com\/avatar\/3e4c327288f333fd0f8ce858acbe18e3?s=96&d=mm&r=g","contentUrl":"https:\/\/secure.gravatar.com\/avatar\/3e4c327288f333fd0f8ce858acbe18e3?s=96&d=mm&r=g","caption":"movemovel_admin"},"url":"https:\/\/www.movemovel.com.br\/blog\/author\/movemovel_admin\/"}]}},"_links":{"self":[{"href":"https:\/\/www.movemovel.com.br\/blog\/wp-json\/wp\/v2\/posts\/5057"}],"collection":[{"href":"https:\/\/www.movemovel.com.br\/blog\/wp-json\/wp\/v2\/posts"}],"about":[{"href":"https:\/\/www.movemovel.com.br\/blog\/wp-json\/wp\/v2\/types\/post"}],"author":[{"embeddable":true,"href":"https:\/\/www.movemovel.com.br\/blog\/wp-json\/wp\/v2\/users\/10"}],"replies":[{"embeddable":true,"href":"https:\/\/www.movemovel.com.br\/blog\/wp-json\/wp\/v2\/comments?post=5057"}],"version-history":[{"count":5,"href":"https:\/\/www.movemovel.com.br\/blog\/wp-json\/wp\/v2\/posts\/5057\/revisions"}],"predecessor-version":[{"id":5068,"href":"https:\/\/www.movemovel.com.br\/blog\/wp-json\/wp\/v2\/posts\/5057\/revisions\/5068"}],"wp:featuredmedia":[{"embeddable":true,"href":"https:\/\/www.movemovel.com.br\/blog\/wp-json\/wp\/v2\/media\/5069"}],"wp:attachment":[{"href":"https:\/\/www.movemovel.com.br\/blog\/wp-json\/wp\/v2\/media?parent=5057"}],"wp:term":[{"taxonomy":"category","embeddable":true,"href":"https:\/\/www.movemovel.com.br\/blog\/wp-json\/wp\/v2\/categories?post=5057"},{"taxonomy":"post_tag","embeddable":true,"href":"https:\/\/www.movemovel.com.br\/blog\/wp-json\/wp\/v2\/tags?post=5057"}],"curies":[{"name":"wp","href":"https:\/\/api.w.org\/{rel}","templated":true}]}}