{"id":5085,"date":"2024-11-11T18:27:53","date_gmt":"2024-11-11T18:27:53","guid":{"rendered":"https:\/\/www.movemovel.com.br\/blog\/?p=5085"},"modified":"2024-11-11T18:29:04","modified_gmt":"2024-11-11T18:29:04","slug":"como-personalizar-seu-bufe-ou-rack","status":"publish","type":"post","link":"https:\/\/www.movemovel.com.br\/blog\/como-personalizar-seu-bufe-ou-rack\/","title":{"rendered":"Como personalizar seu Buf\u00ea ou Rack?"},"content":{"rendered":"<p>Vamos contar um pouco das hist\u00f3rias da cria\u00e7\u00e3o dos nossos produtos personalizados por arquitetos, designers de interiores e clientes. <br \/>\nCome\u00e7amos com um Buf\u00ea que teria tamb\u00e9m a fun\u00e7\u00e3o de m\u00f3vel para ter aparelhos de som antigos, que contariam a hist\u00f3ria e trariam a lembran\u00e7a da fam\u00edlia quando ligados. <br \/>\nO cliente visitou o Ateli\u00ea, trouxe as dimens\u00f5es de todos os aparelhos que seriam inseridos no m\u00f3vel e a dimens\u00e3o m\u00e1xima para o espa\u00e7o, e ent\u00e3o escolheu os componentes est\u00e9ticos: portas de correr ripadas fechadas, madeira Jequitib\u00e1, pernas retas, altura 85cm para atender a um jantar, gavetas para 400 CDs e entrada para ligar os aparelhos nas caixas que estariam fora do m\u00f3vel. <br \/>\nCom estes requisitos montamos os croquis com as possibilidades de forma com arranjos internos e a est\u00e9tica do m\u00f3vel.<br \/>\n<br \/>\n<a href=\"https:\/\/www.movemovel.com.br\/blog\/wp-content\/uploads\/2024\/11\/Croqui02.jpg\"><img decoding=\"async\" loading=\"lazy\" src=\"https:\/\/www.movemovel.com.br\/blog\/wp-content\/uploads\/2024\/11\/Croqui02.jpg\" alt=\"\" width=\"760\" height=\"514\" class=\"alignnone size-full wp-image-5089\" srcset=\"https:\/\/www.movemovel.com.br\/blog\/wp-content\/uploads\/2024\/11\/Croqui02.jpg 760w, https:\/\/www.movemovel.com.br\/blog\/wp-content\/uploads\/2024\/11\/Croqui02-300x203.jpg 300w\" sizes=\"(max-width: 760px) 100vw, 760px\" \/><\/a><br \/>\n<br \/>\n<a href=\"https:\/\/www.movemovel.com.br\/blog\/wp-content\/uploads\/2024\/11\/Croqui01.jpg\"><img decoding=\"async\" loading=\"lazy\" src=\"https:\/\/www.movemovel.com.br\/blog\/wp-content\/uploads\/2024\/11\/Croqui01.jpg\" alt=\"\" width=\"760\" height=\"514\" class=\"alignnone size-full wp-image-5088\" srcset=\"https:\/\/www.movemovel.com.br\/blog\/wp-content\/uploads\/2024\/11\/Croqui01.jpg 760w, https:\/\/www.movemovel.com.br\/blog\/wp-content\/uploads\/2024\/11\/Croqui01-300x203.jpg 300w\" sizes=\"(max-width: 760px) 100vw, 760px\" \/><\/a><br \/>\n<br \/>\n<a href=\"https:\/\/www.movemovel.com.br\/blog\/wp-content\/uploads\/2024\/11\/Croqui03.jpg\"><img decoding=\"async\" loading=\"lazy\" src=\"https:\/\/www.movemovel.com.br\/blog\/wp-content\/uploads\/2024\/11\/Croqui03.jpg\" alt=\"\" width=\"760\" height=\"514\" class=\"alignnone size-full wp-image-5090\" srcset=\"https:\/\/www.movemovel.com.br\/blog\/wp-content\/uploads\/2024\/11\/Croqui03.jpg 760w, https:\/\/www.movemovel.com.br\/blog\/wp-content\/uploads\/2024\/11\/Croqui03-300x203.jpg 300w\" sizes=\"(max-width: 760px) 100vw, 760px\" \/><\/a><\/p>\n<p><strong>ESCOLHA DEFINIDA<\/strong><br \/>\nA partir da escolha, montamos croquis com os aparelhos e definimos a dimens\u00e3o exata da caixa e a propor\u00e7\u00e3o com as novas pernas Reto Estruturada, a partir da\u00ed montamos a simula\u00e7\u00e3o no 3D para aprova\u00e7\u00e3o do cliente.<br \/>\n<br \/>\n<a href=\"https:\/\/www.movemovel.com.br\/blog\/wp-content\/uploads\/2024\/11\/Croqui04.jpg\"><img decoding=\"async\" loading=\"lazy\" src=\"https:\/\/www.movemovel.com.br\/blog\/wp-content\/uploads\/2024\/11\/Croqui04.jpg\" alt=\"\" width=\"760\" height=\"514\" class=\"alignnone size-full wp-image-5091\" srcset=\"https:\/\/www.movemovel.com.br\/blog\/wp-content\/uploads\/2024\/11\/Croqui04.jpg 760w, https:\/\/www.movemovel.com.br\/blog\/wp-content\/uploads\/2024\/11\/Croqui04-300x203.jpg 300w\" sizes=\"(max-width: 760px) 100vw, 760px\" \/><\/a><br \/>\n<br \/>\n<a href=\"https:\/\/www.movemovel.com.br\/blog\/wp-content\/uploads\/2024\/11\/Croqui05.jpg\"><img decoding=\"async\" loading=\"lazy\" src=\"https:\/\/www.movemovel.com.br\/blog\/wp-content\/uploads\/2024\/11\/Croqui05.jpg\" alt=\"\" width=\"760\" height=\"514\" class=\"alignnone size-full wp-image-5092\" srcset=\"https:\/\/www.movemovel.com.br\/blog\/wp-content\/uploads\/2024\/11\/Croqui05.jpg 760w, https:\/\/www.movemovel.com.br\/blog\/wp-content\/uploads\/2024\/11\/Croqui05-300x203.jpg 300w\" sizes=\"(max-width: 760px) 100vw, 760px\" \/><\/a><br \/>\n<br \/>\n<strong>PROJETO EM 3D<\/strong><br \/>\n<br \/>\n<a href=\"https:\/\/www.movemovel.com.br\/blog\/wp-content\/uploads\/2024\/11\/3d.jpg\"><img decoding=\"async\" loading=\"lazy\" src=\"https:\/\/www.movemovel.com.br\/blog\/wp-content\/uploads\/2024\/11\/3d.jpg\" alt=\"\" width=\"760\" height=\"219\" class=\"alignnone size-full wp-image-5086\" srcset=\"https:\/\/www.movemovel.com.br\/blog\/wp-content\/uploads\/2024\/11\/3d.jpg 760w, https:\/\/www.movemovel.com.br\/blog\/wp-content\/uploads\/2024\/11\/3d-300x86.jpg 300w\" sizes=\"(max-width: 760px) 100vw, 760px\" \/><\/a><br \/>\n<br \/>\nAprovado o interno e a est\u00e9tica partimos para o projeto executivo para ser produzido na madeira maci\u00e7a e compensado natural de Jequitib\u00e1.<br \/>\nO resultado da textura dos ripados em madeira maci\u00e7a junto com as novas pernas Reto Estruturada trouxe leveza e sofistica\u00e7\u00e3o na pe\u00e7a.<br \/>\n<br \/>\n<a href=\"https:\/\/www.movemovel.com.br\/blog\/wp-content\/uploads\/2024\/11\/CAPA.jpg\"><img decoding=\"async\" loading=\"lazy\" src=\"https:\/\/www.movemovel.com.br\/blog\/wp-content\/uploads\/2024\/11\/CAPA.jpg\" alt=\"\" width=\"760\" height=\"514\" class=\"alignnone size-full wp-image-5087\" srcset=\"https:\/\/www.movemovel.com.br\/blog\/wp-content\/uploads\/2024\/11\/CAPA.jpg 760w, https:\/\/www.movemovel.com.br\/blog\/wp-content\/uploads\/2024\/11\/CAPA-300x203.jpg 300w\" sizes=\"(max-width: 760px) 100vw, 760px\" \/><\/a><br \/>\n <br \/> <br \/>\n<a href=\"https:\/\/www.movemovel.com.br\/blog\/wp-content\/uploads\/2024\/11\/movel03.jpg\"><img decoding=\"async\" loading=\"lazy\" src=\"https:\/\/www.movemovel.com.br\/blog\/wp-content\/uploads\/2024\/11\/movel03.jpg\" alt=\"\" width=\"760\" height=\"514\" class=\"alignnone size-full wp-image-5095\" srcset=\"https:\/\/www.movemovel.com.br\/blog\/wp-content\/uploads\/2024\/11\/movel03.jpg 760w, https:\/\/www.movemovel.com.br\/blog\/wp-content\/uploads\/2024\/11\/movel03-300x203.jpg 300w\" sizes=\"(max-width: 760px) 100vw, 760px\" \/><\/a><br \/>\n <br \/> <br \/>\n<a href=\"https:\/\/www.movemovel.com.br\/blog\/wp-content\/uploads\/2024\/11\/movel02.jpg\"><img decoding=\"async\" loading=\"lazy\" src=\"https:\/\/www.movemovel.com.br\/blog\/wp-content\/uploads\/2024\/11\/movel02.jpg\" alt=\"\" width=\"760\" height=\"514\" class=\"alignnone size-full wp-image-5094\" srcset=\"https:\/\/www.movemovel.com.br\/blog\/wp-content\/uploads\/2024\/11\/movel02.jpg 760w, https:\/\/www.movemovel.com.br\/blog\/wp-content\/uploads\/2024\/11\/movel02-300x203.jpg 300w\" sizes=\"(max-width: 760px) 100vw, 760px\" \/><\/a><br \/>\n <br \/> <br \/>\n<a href=\"https:\/\/www.movemovel.com.br\/blog\/wp-content\/uploads\/2024\/11\/movel04.jpg\"><img decoding=\"async\" loading=\"lazy\" src=\"https:\/\/www.movemovel.com.br\/blog\/wp-content\/uploads\/2024\/11\/movel04.jpg\" alt=\"\" width=\"760\" height=\"514\" class=\"alignnone size-full wp-image-5096\" srcset=\"https:\/\/www.movemovel.com.br\/blog\/wp-content\/uploads\/2024\/11\/movel04.jpg 760w, https:\/\/www.movemovel.com.br\/blog\/wp-content\/uploads\/2024\/11\/movel04-300x203.jpg 300w\" sizes=\"(max-width: 760px) 100vw, 760px\" \/><\/a><br \/>\n<br \/>\nEste Buf\u00ea pode ser usado como um Rack e ser personalizado por voc\u00ea na distribui\u00e7\u00e3o interna, na dimens\u00e3o e na madeira Freij\u00f3 ou Jequitib\u00e1.<\/p>\n<p>Quer personalizar ou est\u00e1 em d\u00favida de qual m\u00f3vel fica melhor no seu ambiente? Nos envie uma mensagem pelo <a href=\"http:\/\/wa.me\/+5511993946153\">WhatsApp<\/a> e veja todas as possibilidades!<\/p>\n<p>Entregamos em todo o Brasil.<\/p>\n<p>Agende sua visita pelo WhatsApp para atendimento presencial e venha conhecer nosso Ateli\u00ea Conceito!<\/p>\n<p>WhatsApp:  (11) 99394-6153  ou (11) 97094-6153<br \/>\nInstagram:  @movemovel<br \/>\nE-mail: contato@movemovel.com.br<br \/>\nAteli\u00ea Conceito: Pra\u00e7a Vilaboim, n\u00ba 160 \u2013 Cj 4 \u2013 Higien\u00f3polis \u2013 S\u00e3o Paulo.<\/p>\n","protected":false},"excerpt":{"rendered":"<p>Vamos contar um pouco das hist\u00f3rias da cria\u00e7\u00e3o dos nossos produtos personalizados por arquitetos, designers de interiores e clientes. Come\u00e7amos com um Buf\u00ea que teria tamb\u00e9m a fun\u00e7\u00e3o de m\u00f3vel<\/p>\n","protected":false},"author":10,"featured_media":5087,"comment_status":"closed","ping_status":"open","sticky":false,"template":"","format":"image","meta":{"ngg_post_thumbnail":0},"categories":[4],"tags":[1469,1475,469,1732,1734,1733,1315,1313,865,1545,1508,1687,528,1515,1109,1523,366,1706,1699,1698,1704,1735,1701,1668,1703,823,1468,1739,1736,1737,1738,569],"yoast_head":"<!-- This site is optimized with the Yoast SEO plugin v19.6 - https:\/\/yoast.com\/wordpress\/plugins\/seo\/ -->\n<title>Como personalizar seu Buf\u00ea ou Rack? - Move M\u00f3vel<\/title>\n<meta name=\"description\" content=\"Vamos contar um pouco das hist\u00f3rias da cria\u00e7\u00e3o dos nossos produtos personalizados por arquitetos, designers de interiores e clientes.\" \/>\n<meta name=\"robots\" content=\"index, follow, max-snippet:-1, max-image-preview:large, max-video-preview:-1\" \/>\n<link rel=\"canonical\" href=\"https:\/\/www.movemovel.com.br\/blog\/como-personalizar-seu-bufe-ou-rack\/\" \/>\n<meta property=\"og:locale\" content=\"pt_BR\" \/>\n<meta property=\"og:type\" content=\"article\" \/>\n<meta property=\"og:title\" content=\"Como personalizar seu Buf\u00ea ou Rack? - Move M\u00f3vel\" \/>\n<meta property=\"og:description\" content=\"Vamos contar um pouco das hist\u00f3rias da cria\u00e7\u00e3o dos nossos produtos personalizados por arquitetos, designers de interiores e clientes.\" \/>\n<meta property=\"og:url\" content=\"https:\/\/www.movemovel.com.br\/blog\/como-personalizar-seu-bufe-ou-rack\/\" \/>\n<meta property=\"og:site_name\" content=\"Move M\u00f3vel\" \/>\n<meta property=\"article:published_time\" content=\"2024-11-11T18:27:53+00:00\" \/>\n<meta property=\"article:modified_time\" content=\"2024-11-11T18:29:04+00:00\" \/>\n<meta property=\"og:image\" content=\"https:\/\/www.movemovel.com.br\/blog\/wp-content\/uploads\/2024\/11\/CAPA.jpg\" \/>\n\t<meta property=\"og:image:width\" content=\"760\" \/>\n\t<meta property=\"og:image:height\" content=\"514\" \/>\n\t<meta property=\"og:image:type\" content=\"image\/jpeg\" \/>\n<meta name=\"author\" content=\"movemovel_admin\" \/>\n<meta name=\"twitter:card\" content=\"summary_large_image\" \/>\n<meta name=\"twitter:label1\" content=\"Escrito por\" \/>\n\t<meta name=\"twitter:data1\" content=\"movemovel_admin\" \/>\n\t<meta name=\"twitter:label2\" content=\"Est. tempo de leitura\" \/>\n\t<meta name=\"twitter:data2\" content=\"4 minutos\" \/>\n<script type=\"application\/ld+json\" class=\"yoast-schema-graph\">{\"@context\":\"https:\/\/schema.org\",\"@graph\":[{\"@type\":\"WebPage\",\"@id\":\"https:\/\/www.movemovel.com.br\/blog\/como-personalizar-seu-bufe-ou-rack\/\",\"url\":\"https:\/\/www.movemovel.com.br\/blog\/como-personalizar-seu-bufe-ou-rack\/\",\"name\":\"Como personalizar seu Buf\u00ea ou Rack? - Move M\u00f3vel\",\"isPartOf\":{\"@id\":\"https:\/\/www.movemovel.com.br\/blog\/#website\"},\"datePublished\":\"2024-11-11T18:27:53+00:00\",\"dateModified\":\"2024-11-11T18:29:04+00:00\",\"author\":{\"@id\":\"https:\/\/www.movemovel.com.br\/blog\/#\/schema\/person\/9f992151481ef8945e552fc33bfef756\"},\"description\":\"Vamos contar um pouco das hist\u00f3rias da cria\u00e7\u00e3o dos nossos produtos personalizados por arquitetos, designers de interiores e clientes.\",\"breadcrumb\":{\"@id\":\"https:\/\/www.movemovel.com.br\/blog\/como-personalizar-seu-bufe-ou-rack\/#breadcrumb\"},\"inLanguage\":\"pt-BR\",\"potentialAction\":[{\"@type\":\"ReadAction\",\"target\":[\"https:\/\/www.movemovel.com.br\/blog\/como-personalizar-seu-bufe-ou-rack\/\"]}]},{\"@type\":\"BreadcrumbList\",\"@id\":\"https:\/\/www.movemovel.com.br\/blog\/como-personalizar-seu-bufe-ou-rack\/#breadcrumb\",\"itemListElement\":[{\"@type\":\"ListItem\",\"position\":1,\"name\":\"In\u00edcio\",\"item\":\"https:\/\/www.movemovel.com.br\/blog\/\"},{\"@type\":\"ListItem\",\"position\":2,\"name\":\"Como personalizar seu Buf\u00ea ou Rack?\"}]},{\"@type\":\"WebSite\",\"@id\":\"https:\/\/www.movemovel.com.br\/blog\/#website\",\"url\":\"https:\/\/www.movemovel.com.br\/blog\/\",\"name\":\"Move M\u00f3vel\",\"description\":\"Design criativo, contempor\u00e2neo, artesanal e personalizado.\",\"potentialAction\":[{\"@type\":\"SearchAction\",\"target\":{\"@type\":\"EntryPoint\",\"urlTemplate\":\"https:\/\/www.movemovel.com.br\/blog\/?s={search_term_string}\"},\"query-input\":\"required name=search_term_string\"}],\"inLanguage\":\"pt-BR\"},{\"@type\":\"Person\",\"@id\":\"https:\/\/www.movemovel.com.br\/blog\/#\/schema\/person\/9f992151481ef8945e552fc33bfef756\",\"name\":\"movemovel_admin\",\"image\":{\"@type\":\"ImageObject\",\"inLanguage\":\"pt-BR\",\"@id\":\"https:\/\/www.movemovel.com.br\/blog\/#\/schema\/person\/image\/\",\"url\":\"https:\/\/secure.gravatar.com\/avatar\/3e4c327288f333fd0f8ce858acbe18e3?s=96&d=mm&r=g\",\"contentUrl\":\"https:\/\/secure.gravatar.com\/avatar\/3e4c327288f333fd0f8ce858acbe18e3?s=96&d=mm&r=g\",\"caption\":\"movemovel_admin\"},\"url\":\"https:\/\/www.movemovel.com.br\/blog\/author\/movemovel_admin\/\"}]}<\/script>\n<!-- \/ Yoast SEO plugin. -->","yoast_head_json":{"title":"Como personalizar seu Buf\u00ea ou Rack? - Move M\u00f3vel","description":"Vamos contar um pouco das hist\u00f3rias da cria\u00e7\u00e3o dos nossos produtos personalizados por arquitetos, designers de interiores e clientes.","robots":{"index":"index","follow":"follow","max-snippet":"max-snippet:-1","max-image-preview":"max-image-preview:large","max-video-preview":"max-video-preview:-1"},"canonical":"https:\/\/www.movemovel.com.br\/blog\/como-personalizar-seu-bufe-ou-rack\/","og_locale":"pt_BR","og_type":"article","og_title":"Como personalizar seu Buf\u00ea ou Rack? - Move M\u00f3vel","og_description":"Vamos contar um pouco das hist\u00f3rias da cria\u00e7\u00e3o dos nossos produtos personalizados por arquitetos, designers de interiores e clientes.","og_url":"https:\/\/www.movemovel.com.br\/blog\/como-personalizar-seu-bufe-ou-rack\/","og_site_name":"Move M\u00f3vel","article_published_time":"2024-11-11T18:27:53+00:00","article_modified_time":"2024-11-11T18:29:04+00:00","og_image":[{"width":760,"height":514,"url":"https:\/\/www.movemovel.com.br\/blog\/wp-content\/uploads\/2024\/11\/CAPA.jpg","type":"image\/jpeg"}],"author":"movemovel_admin","twitter_card":"summary_large_image","twitter_misc":{"Escrito por":"movemovel_admin","Est. tempo de leitura":"4 minutos"},"schema":{"@context":"https:\/\/schema.org","@graph":[{"@type":"WebPage","@id":"https:\/\/www.movemovel.com.br\/blog\/como-personalizar-seu-bufe-ou-rack\/","url":"https:\/\/www.movemovel.com.br\/blog\/como-personalizar-seu-bufe-ou-rack\/","name":"Como personalizar seu Buf\u00ea ou Rack? - Move M\u00f3vel","isPartOf":{"@id":"https:\/\/www.movemovel.com.br\/blog\/#website"},"datePublished":"2024-11-11T18:27:53+00:00","dateModified":"2024-11-11T18:29:04+00:00","author":{"@id":"https:\/\/www.movemovel.com.br\/blog\/#\/schema\/person\/9f992151481ef8945e552fc33bfef756"},"description":"Vamos contar um pouco das hist\u00f3rias da cria\u00e7\u00e3o dos nossos produtos personalizados por arquitetos, designers de interiores e clientes.","breadcrumb":{"@id":"https:\/\/www.movemovel.com.br\/blog\/como-personalizar-seu-bufe-ou-rack\/#breadcrumb"},"inLanguage":"pt-BR","potentialAction":[{"@type":"ReadAction","target":["https:\/\/www.movemovel.com.br\/blog\/como-personalizar-seu-bufe-ou-rack\/"]}]},{"@type":"BreadcrumbList","@id":"https:\/\/www.movemovel.com.br\/blog\/como-personalizar-seu-bufe-ou-rack\/#breadcrumb","itemListElement":[{"@type":"ListItem","position":1,"name":"In\u00edcio","item":"https:\/\/www.movemovel.com.br\/blog\/"},{"@type":"ListItem","position":2,"name":"Como personalizar seu Buf\u00ea ou Rack?"}]},{"@type":"WebSite","@id":"https:\/\/www.movemovel.com.br\/blog\/#website","url":"https:\/\/www.movemovel.com.br\/blog\/","name":"Move M\u00f3vel","description":"Design criativo, contempor\u00e2neo, artesanal e personalizado.","potentialAction":[{"@type":"SearchAction","target":{"@type":"EntryPoint","urlTemplate":"https:\/\/www.movemovel.com.br\/blog\/?s={search_term_string}"},"query-input":"required name=search_term_string"}],"inLanguage":"pt-BR"},{"@type":"Person","@id":"https:\/\/www.movemovel.com.br\/blog\/#\/schema\/person\/9f992151481ef8945e552fc33bfef756","name":"movemovel_admin","image":{"@type":"ImageObject","inLanguage":"pt-BR","@id":"https:\/\/www.movemovel.com.br\/blog\/#\/schema\/person\/image\/","url":"https:\/\/secure.gravatar.com\/avatar\/3e4c327288f333fd0f8ce858acbe18e3?s=96&d=mm&r=g","contentUrl":"https:\/\/secure.gravatar.com\/avatar\/3e4c327288f333fd0f8ce858acbe18e3?s=96&d=mm&r=g","caption":"movemovel_admin"},"url":"https:\/\/www.movemovel.com.br\/blog\/author\/movemovel_admin\/"}]}},"_links":{"self":[{"href":"https:\/\/www.movemovel.com.br\/blog\/wp-json\/wp\/v2\/posts\/5085"}],"collection":[{"href":"https:\/\/www.movemovel.com.br\/blog\/wp-json\/wp\/v2\/posts"}],"about":[{"href":"https:\/\/www.movemovel.com.br\/blog\/wp-json\/wp\/v2\/types\/post"}],"author":[{"embeddable":true,"href":"https:\/\/www.movemovel.com.br\/blog\/wp-json\/wp\/v2\/users\/10"}],"replies":[{"embeddable":true,"href":"https:\/\/www.movemovel.com.br\/blog\/wp-json\/wp\/v2\/comments?post=5085"}],"version-history":[{"count":5,"href":"https:\/\/www.movemovel.com.br\/blog\/wp-json\/wp\/v2\/posts\/5085\/revisions"}],"predecessor-version":[{"id":5102,"href":"https:\/\/www.movemovel.com.br\/blog\/wp-json\/wp\/v2\/posts\/5085\/revisions\/5102"}],"wp:featuredmedia":[{"embeddable":true,"href":"https:\/\/www.movemovel.com.br\/blog\/wp-json\/wp\/v2\/media\/5087"}],"wp:attachment":[{"href":"https:\/\/www.movemovel.com.br\/blog\/wp-json\/wp\/v2\/media?parent=5085"}],"wp:term":[{"taxonomy":"category","embeddable":true,"href":"https:\/\/www.movemovel.com.br\/blog\/wp-json\/wp\/v2\/categories?post=5085"},{"taxonomy":"post_tag","embeddable":true,"href":"https:\/\/www.movemovel.com.br\/blog\/wp-json\/wp\/v2\/tags?post=5085"}],"curies":[{"name":"wp","href":"https:\/\/api.w.org\/{rel}","templated":true}]}}