{"id":5103,"date":"2024-11-12T13:30:19","date_gmt":"2024-11-12T13:30:19","guid":{"rendered":"https:\/\/www.movemovel.com.br\/blog\/?p=5103"},"modified":"2024-11-12T13:30:19","modified_gmt":"2024-11-12T13:30:19","slug":"personalizacao-de-cabeceira-de-cama-de-casal","status":"publish","type":"post","link":"https:\/\/www.movemovel.com.br\/blog\/personalizacao-de-cabeceira-de-cama-de-casal\/","title":{"rendered":"Personaliza\u00e7\u00e3o de Cabeceira de Cama de Casal"},"content":{"rendered":"<p>Vamos contar como foi feita a Personaliza\u00e7\u00e3o da Cabeceira Ripada Alternada pela arquiteta e designer Thereza Dantas.<br \/>\nEla queria fazer uma Cama diferente para a cliente dela e que tivesse um movimento vazado na madeira maci\u00e7a para sobrepor o revestimento na madeira mais clara da parede e fez um desenho de como seria o ripado vertical, para montarmos uma amostra para a cliente aprovar:<br \/>\n<br \/>\n<a href=\"https:\/\/www.movemovel.com.br\/blog\/wp-content\/uploads\/2024\/11\/01.jpg\"><img decoding=\"async\" loading=\"lazy\" src=\"https:\/\/www.movemovel.com.br\/blog\/wp-content\/uploads\/2024\/11\/01.jpg\" alt=\"\" width=\"1285\" height=\"949\" class=\"alignnone size-full wp-image-5104\" srcset=\"https:\/\/www.movemovel.com.br\/blog\/wp-content\/uploads\/2024\/11\/01.jpg 1285w, https:\/\/www.movemovel.com.br\/blog\/wp-content\/uploads\/2024\/11\/01-300x222.jpg 300w, https:\/\/www.movemovel.com.br\/blog\/wp-content\/uploads\/2024\/11\/01-1024x756.jpg 1024w, https:\/\/www.movemovel.com.br\/blog\/wp-content\/uploads\/2024\/11\/01-768x567.jpg 768w, https:\/\/www.movemovel.com.br\/blog\/wp-content\/uploads\/2024\/11\/01-760x560.jpg 760w\" sizes=\"(max-width: 1285px) 100vw, 1285px\" \/><\/a><br \/>\n<br \/>\nA amostra foi aprovada e partimos juntos para estudos da dimens\u00e3o da Cabeceira e se seria na parede ou na Cama, para isso fizemos a simula\u00e7\u00e3o em 3D das duas op\u00e7\u00f5es. A escolhida foi com ela na Cama com estrutura Curva e com o tamanho um pouco maior que a largura dela.<br \/>\n<br \/>\n<a href=\"https:\/\/www.movemovel.com.br\/blog\/wp-content\/uploads\/2024\/11\/02.jpg\"><img decoding=\"async\" loading=\"lazy\" src=\"https:\/\/www.movemovel.com.br\/blog\/wp-content\/uploads\/2024\/11\/02.jpg\" alt=\"\" width=\"1328\" height=\"981\" class=\"alignnone size-full wp-image-5105\" srcset=\"https:\/\/www.movemovel.com.br\/blog\/wp-content\/uploads\/2024\/11\/02.jpg 1328w, https:\/\/www.movemovel.com.br\/blog\/wp-content\/uploads\/2024\/11\/02-300x222.jpg 300w, https:\/\/www.movemovel.com.br\/blog\/wp-content\/uploads\/2024\/11\/02-1024x756.jpg 1024w, https:\/\/www.movemovel.com.br\/blog\/wp-content\/uploads\/2024\/11\/02-768x567.jpg 768w, https:\/\/www.movemovel.com.br\/blog\/wp-content\/uploads\/2024\/11\/02-760x560.jpg 760w\" sizes=\"(max-width: 1328px) 100vw, 1328px\" \/><\/a><br \/>\n<br \/>\nCabeceira aprovada e colch\u00e3o comprado, partimos para a defini\u00e7\u00e3o da altura do sentar e da Cabeceira para ser aprovado pela arquiteta e a cliente.<br \/>\n<br \/>\n<a href=\"https:\/\/www.movemovel.com.br\/blog\/wp-content\/uploads\/2024\/11\/03.png\"><img decoding=\"async\" loading=\"lazy\" src=\"https:\/\/www.movemovel.com.br\/blog\/wp-content\/uploads\/2024\/11\/03.png\" alt=\"\" width=\"1333\" height=\"985\" class=\"alignnone size-full wp-image-5106\" srcset=\"https:\/\/www.movemovel.com.br\/blog\/wp-content\/uploads\/2024\/11\/03.png 1333w, https:\/\/www.movemovel.com.br\/blog\/wp-content\/uploads\/2024\/11\/03-300x222.png 300w, https:\/\/www.movemovel.com.br\/blog\/wp-content\/uploads\/2024\/11\/03-1024x757.png 1024w, https:\/\/www.movemovel.com.br\/blog\/wp-content\/uploads\/2024\/11\/03-768x568.png 768w, https:\/\/www.movemovel.com.br\/blog\/wp-content\/uploads\/2024\/11\/03-760x562.png 760w\" sizes=\"(max-width: 1333px) 100vw, 1333px\" \/><\/a><br \/>\n<br \/>\nDefinido todos os requisitos partimos para o projeto executivo a produ\u00e7\u00e3o. Um desenho simples de ripados na madeira maci\u00e7a, mas com forma construtiva elaborada, seria o que daria o diferencial da Cama Curva.<br \/>\n<br \/>\n<a href=\"https:\/\/www.movemovel.com.br\/blog\/wp-content\/uploads\/2024\/11\/04.jpg\"><img decoding=\"async\" loading=\"lazy\" src=\"https:\/\/www.movemovel.com.br\/blog\/wp-content\/uploads\/2024\/11\/04.jpg\" alt=\"\" width=\"1154\" height=\"853\" class=\"alignnone size-full wp-image-5107\" srcset=\"https:\/\/www.movemovel.com.br\/blog\/wp-content\/uploads\/2024\/11\/04.jpg 1154w, https:\/\/www.movemovel.com.br\/blog\/wp-content\/uploads\/2024\/11\/04-300x222.jpg 300w, https:\/\/www.movemovel.com.br\/blog\/wp-content\/uploads\/2024\/11\/04-1024x757.jpg 1024w, https:\/\/www.movemovel.com.br\/blog\/wp-content\/uploads\/2024\/11\/04-768x568.jpg 768w, https:\/\/www.movemovel.com.br\/blog\/wp-content\/uploads\/2024\/11\/04-760x562.jpg 760w\" sizes=\"(max-width: 1154px) 100vw, 1154px\" \/><\/a><br \/>\n<br \/>\n<a href=\"https:\/\/www.movemovel.com.br\/blog\/wp-content\/uploads\/2024\/11\/05.png\"><img decoding=\"async\" loading=\"lazy\" src=\"https:\/\/www.movemovel.com.br\/blog\/wp-content\/uploads\/2024\/11\/05.png\" alt=\"\" width=\"1158\" height=\"855\" class=\"alignnone size-full wp-image-5108\" srcset=\"https:\/\/www.movemovel.com.br\/blog\/wp-content\/uploads\/2024\/11\/05.png 1158w, https:\/\/www.movemovel.com.br\/blog\/wp-content\/uploads\/2024\/11\/05-300x222.png 300w, https:\/\/www.movemovel.com.br\/blog\/wp-content\/uploads\/2024\/11\/05-1024x756.png 1024w, https:\/\/www.movemovel.com.br\/blog\/wp-content\/uploads\/2024\/11\/05-768x567.png 768w, https:\/\/www.movemovel.com.br\/blog\/wp-content\/uploads\/2024\/11\/05-760x560.png 760w\" sizes=\"(max-width: 1158px) 100vw, 1158px\" \/><\/a><br \/>\n<br \/>\nO resultado foi um desenho criativo e inusitado do Ripado Alternado onde a parceria com a arquiteta e designer Thereza Dantas somou muito.<br \/>\n<br \/>\n<a href=\"https:\/\/www.movemovel.com.br\/blog\/wp-content\/uploads\/2024\/11\/06.png\"><img decoding=\"async\" loading=\"lazy\" src=\"https:\/\/www.movemovel.com.br\/blog\/wp-content\/uploads\/2024\/11\/06.png\" alt=\"\" width=\"1600\" height=\"1182\" class=\"alignnone size-full wp-image-5109\" srcset=\"https:\/\/www.movemovel.com.br\/blog\/wp-content\/uploads\/2024\/11\/06.png 1600w, https:\/\/www.movemovel.com.br\/blog\/wp-content\/uploads\/2024\/11\/06-300x222.png 300w, https:\/\/www.movemovel.com.br\/blog\/wp-content\/uploads\/2024\/11\/06-1024x756.png 1024w, https:\/\/www.movemovel.com.br\/blog\/wp-content\/uploads\/2024\/11\/06-768x567.png 768w, https:\/\/www.movemovel.com.br\/blog\/wp-content\/uploads\/2024\/11\/06-1536x1135.png 1536w, https:\/\/www.movemovel.com.br\/blog\/wp-content\/uploads\/2024\/11\/06-1520x1123.png 1520w, https:\/\/www.movemovel.com.br\/blog\/wp-content\/uploads\/2024\/11\/06-760x560.png 760w\" sizes=\"(max-width: 1600px) 100vw, 1600px\" \/><\/a><br \/>\n<br \/>\n<a href=\"https:\/\/www.movemovel.com.br\/blog\/wp-content\/uploads\/2024\/11\/07.png\"><img decoding=\"async\" loading=\"lazy\" src=\"https:\/\/www.movemovel.com.br\/blog\/wp-content\/uploads\/2024\/11\/07.png\" alt=\"\" width=\"1600\" height=\"1182\" class=\"alignnone size-full wp-image-5110\" srcset=\"https:\/\/www.movemovel.com.br\/blog\/wp-content\/uploads\/2024\/11\/07.png 1600w, https:\/\/www.movemovel.com.br\/blog\/wp-content\/uploads\/2024\/11\/07-300x222.png 300w, https:\/\/www.movemovel.com.br\/blog\/wp-content\/uploads\/2024\/11\/07-1024x756.png 1024w, https:\/\/www.movemovel.com.br\/blog\/wp-content\/uploads\/2024\/11\/07-768x567.png 768w, https:\/\/www.movemovel.com.br\/blog\/wp-content\/uploads\/2024\/11\/07-1536x1135.png 1536w, https:\/\/www.movemovel.com.br\/blog\/wp-content\/uploads\/2024\/11\/07-1520x1123.png 1520w, https:\/\/www.movemovel.com.br\/blog\/wp-content\/uploads\/2024\/11\/07-760x560.png 760w\" sizes=\"(max-width: 1600px) 100vw, 1600px\" \/><\/a><br \/>\n<br \/>\nCaso tenha uma ideia diferente queira construir a sua Cama, s\u00f3 nos enviar um <a href=\"http:\/\/wa.me\/+5511993946153\">WhatsApp<\/a> que te ajudamos.<br \/>\n<br \/>\nEntregamos em todo o Brasil.<\/p>\n<p>Agende sua visita pelo WhatsApp para atendimento presencial e venha conhecer nosso Ateli\u00ea Conceito!<\/p>\n<p>WhatsApp:  (11) 99394-6153  ou (11) 97094-6153<br \/>\nInstagram:  @movemovel<br \/>\nE-mail: contato@movemovel.com.br<br \/>\nAteli\u00ea Conceito: Pra\u00e7a Vilaboim, n\u00ba 160 \u2013 Cj 4 \u2013 Higien\u00f3polis \u2013 S\u00e3o Paulo.<\/p>\n","protected":false},"excerpt":{"rendered":"<p>Vamos contar como foi feita a Personaliza\u00e7\u00e3o da Cabeceira Ripada Alternada pela arquiteta e designer Thereza Dantas. Ela queria fazer uma Cama diferente para a cliente dela e que tivesse<\/p>\n","protected":false},"author":10,"featured_media":5109,"comment_status":"closed","ping_status":"open","sticky":false,"template":"","format":"image","meta":{"ngg_post_thumbnail":0},"categories":[4],"tags":[1531,1740,1741,1464,1545,1508,1687,528,1515,1109,1523,366,1706,1699,1698,1704,1735,1701,1668],"yoast_head":"<!-- This site is optimized with the Yoast SEO plugin v19.6 - https:\/\/yoast.com\/wordpress\/plugins\/seo\/ -->\n<title>Personaliza\u00e7\u00e3o de Cabeceira de Cama de Casal - Move M\u00f3vel<\/title>\n<meta name=\"description\" content=\"Vamos contar como foi feita a Personaliza\u00e7\u00e3o da Cabeceira Ripada Alternada pela arquiteta e designer Thereza Dantas.\" \/>\n<meta name=\"robots\" content=\"index, follow, max-snippet:-1, max-image-preview:large, max-video-preview:-1\" \/>\n<link rel=\"canonical\" href=\"https:\/\/www.movemovel.com.br\/blog\/personalizacao-de-cabeceira-de-cama-de-casal\/\" \/>\n<meta property=\"og:locale\" content=\"pt_BR\" \/>\n<meta property=\"og:type\" content=\"article\" \/>\n<meta property=\"og:title\" content=\"Personaliza\u00e7\u00e3o de Cabeceira de Cama de Casal - Move M\u00f3vel\" \/>\n<meta property=\"og:description\" content=\"Vamos contar como foi feita a Personaliza\u00e7\u00e3o da Cabeceira Ripada Alternada pela arquiteta e designer Thereza Dantas.\" \/>\n<meta property=\"og:url\" content=\"https:\/\/www.movemovel.com.br\/blog\/personalizacao-de-cabeceira-de-cama-de-casal\/\" \/>\n<meta property=\"og:site_name\" content=\"Move M\u00f3vel\" \/>\n<meta property=\"article:published_time\" content=\"2024-11-12T13:30:19+00:00\" \/>\n<meta property=\"og:image\" content=\"https:\/\/www.movemovel.com.br\/blog\/wp-content\/uploads\/2024\/11\/06.png\" \/>\n\t<meta property=\"og:image:width\" content=\"1600\" \/>\n\t<meta property=\"og:image:height\" content=\"1182\" \/>\n\t<meta property=\"og:image:type\" content=\"image\/png\" \/>\n<meta name=\"author\" content=\"movemovel_admin\" \/>\n<meta name=\"twitter:card\" content=\"summary_large_image\" \/>\n<meta name=\"twitter:label1\" content=\"Escrito por\" \/>\n\t<meta name=\"twitter:data1\" content=\"movemovel_admin\" \/>\n<script type=\"application\/ld+json\" class=\"yoast-schema-graph\">{\"@context\":\"https:\/\/schema.org\",\"@graph\":[{\"@type\":\"WebPage\",\"@id\":\"https:\/\/www.movemovel.com.br\/blog\/personalizacao-de-cabeceira-de-cama-de-casal\/\",\"url\":\"https:\/\/www.movemovel.com.br\/blog\/personalizacao-de-cabeceira-de-cama-de-casal\/\",\"name\":\"Personaliza\u00e7\u00e3o de Cabeceira de Cama de Casal - Move M\u00f3vel\",\"isPartOf\":{\"@id\":\"https:\/\/www.movemovel.com.br\/blog\/#website\"},\"datePublished\":\"2024-11-12T13:30:19+00:00\",\"dateModified\":\"2024-11-12T13:30:19+00:00\",\"author\":{\"@id\":\"https:\/\/www.movemovel.com.br\/blog\/#\/schema\/person\/9f992151481ef8945e552fc33bfef756\"},\"description\":\"Vamos contar como foi feita a Personaliza\u00e7\u00e3o da Cabeceira Ripada Alternada pela arquiteta e designer Thereza Dantas.\",\"breadcrumb\":{\"@id\":\"https:\/\/www.movemovel.com.br\/blog\/personalizacao-de-cabeceira-de-cama-de-casal\/#breadcrumb\"},\"inLanguage\":\"pt-BR\",\"potentialAction\":[{\"@type\":\"ReadAction\",\"target\":[\"https:\/\/www.movemovel.com.br\/blog\/personalizacao-de-cabeceira-de-cama-de-casal\/\"]}]},{\"@type\":\"BreadcrumbList\",\"@id\":\"https:\/\/www.movemovel.com.br\/blog\/personalizacao-de-cabeceira-de-cama-de-casal\/#breadcrumb\",\"itemListElement\":[{\"@type\":\"ListItem\",\"position\":1,\"name\":\"In\u00edcio\",\"item\":\"https:\/\/www.movemovel.com.br\/blog\/\"},{\"@type\":\"ListItem\",\"position\":2,\"name\":\"Personaliza\u00e7\u00e3o de Cabeceira de Cama de Casal\"}]},{\"@type\":\"WebSite\",\"@id\":\"https:\/\/www.movemovel.com.br\/blog\/#website\",\"url\":\"https:\/\/www.movemovel.com.br\/blog\/\",\"name\":\"Move M\u00f3vel\",\"description\":\"Design criativo, contempor\u00e2neo, artesanal e personalizado.\",\"potentialAction\":[{\"@type\":\"SearchAction\",\"target\":{\"@type\":\"EntryPoint\",\"urlTemplate\":\"https:\/\/www.movemovel.com.br\/blog\/?s={search_term_string}\"},\"query-input\":\"required name=search_term_string\"}],\"inLanguage\":\"pt-BR\"},{\"@type\":\"Person\",\"@id\":\"https:\/\/www.movemovel.com.br\/blog\/#\/schema\/person\/9f992151481ef8945e552fc33bfef756\",\"name\":\"movemovel_admin\",\"image\":{\"@type\":\"ImageObject\",\"inLanguage\":\"pt-BR\",\"@id\":\"https:\/\/www.movemovel.com.br\/blog\/#\/schema\/person\/image\/\",\"url\":\"https:\/\/secure.gravatar.com\/avatar\/3e4c327288f333fd0f8ce858acbe18e3?s=96&d=mm&r=g\",\"contentUrl\":\"https:\/\/secure.gravatar.com\/avatar\/3e4c327288f333fd0f8ce858acbe18e3?s=96&d=mm&r=g\",\"caption\":\"movemovel_admin\"},\"url\":\"https:\/\/www.movemovel.com.br\/blog\/author\/movemovel_admin\/\"}]}<\/script>\n<!-- \/ Yoast SEO plugin. -->","yoast_head_json":{"title":"Personaliza\u00e7\u00e3o de Cabeceira de Cama de Casal - Move M\u00f3vel","description":"Vamos contar como foi feita a Personaliza\u00e7\u00e3o da Cabeceira Ripada Alternada pela arquiteta e designer Thereza Dantas.","robots":{"index":"index","follow":"follow","max-snippet":"max-snippet:-1","max-image-preview":"max-image-preview:large","max-video-preview":"max-video-preview:-1"},"canonical":"https:\/\/www.movemovel.com.br\/blog\/personalizacao-de-cabeceira-de-cama-de-casal\/","og_locale":"pt_BR","og_type":"article","og_title":"Personaliza\u00e7\u00e3o de Cabeceira de Cama de Casal - Move M\u00f3vel","og_description":"Vamos contar como foi feita a Personaliza\u00e7\u00e3o da Cabeceira Ripada Alternada pela arquiteta e designer Thereza Dantas.","og_url":"https:\/\/www.movemovel.com.br\/blog\/personalizacao-de-cabeceira-de-cama-de-casal\/","og_site_name":"Move M\u00f3vel","article_published_time":"2024-11-12T13:30:19+00:00","og_image":[{"width":1600,"height":1182,"url":"https:\/\/www.movemovel.com.br\/blog\/wp-content\/uploads\/2024\/11\/06.png","type":"image\/png"}],"author":"movemovel_admin","twitter_card":"summary_large_image","twitter_misc":{"Escrito por":"movemovel_admin"},"schema":{"@context":"https:\/\/schema.org","@graph":[{"@type":"WebPage","@id":"https:\/\/www.movemovel.com.br\/blog\/personalizacao-de-cabeceira-de-cama-de-casal\/","url":"https:\/\/www.movemovel.com.br\/blog\/personalizacao-de-cabeceira-de-cama-de-casal\/","name":"Personaliza\u00e7\u00e3o de Cabeceira de Cama de Casal - Move M\u00f3vel","isPartOf":{"@id":"https:\/\/www.movemovel.com.br\/blog\/#website"},"datePublished":"2024-11-12T13:30:19+00:00","dateModified":"2024-11-12T13:30:19+00:00","author":{"@id":"https:\/\/www.movemovel.com.br\/blog\/#\/schema\/person\/9f992151481ef8945e552fc33bfef756"},"description":"Vamos contar como foi feita a Personaliza\u00e7\u00e3o da Cabeceira Ripada Alternada pela arquiteta e designer Thereza Dantas.","breadcrumb":{"@id":"https:\/\/www.movemovel.com.br\/blog\/personalizacao-de-cabeceira-de-cama-de-casal\/#breadcrumb"},"inLanguage":"pt-BR","potentialAction":[{"@type":"ReadAction","target":["https:\/\/www.movemovel.com.br\/blog\/personalizacao-de-cabeceira-de-cama-de-casal\/"]}]},{"@type":"BreadcrumbList","@id":"https:\/\/www.movemovel.com.br\/blog\/personalizacao-de-cabeceira-de-cama-de-casal\/#breadcrumb","itemListElement":[{"@type":"ListItem","position":1,"name":"In\u00edcio","item":"https:\/\/www.movemovel.com.br\/blog\/"},{"@type":"ListItem","position":2,"name":"Personaliza\u00e7\u00e3o de Cabeceira de Cama de Casal"}]},{"@type":"WebSite","@id":"https:\/\/www.movemovel.com.br\/blog\/#website","url":"https:\/\/www.movemovel.com.br\/blog\/","name":"Move M\u00f3vel","description":"Design criativo, contempor\u00e2neo, artesanal e personalizado.","potentialAction":[{"@type":"SearchAction","target":{"@type":"EntryPoint","urlTemplate":"https:\/\/www.movemovel.com.br\/blog\/?s={search_term_string}"},"query-input":"required name=search_term_string"}],"inLanguage":"pt-BR"},{"@type":"Person","@id":"https:\/\/www.movemovel.com.br\/blog\/#\/schema\/person\/9f992151481ef8945e552fc33bfef756","name":"movemovel_admin","image":{"@type":"ImageObject","inLanguage":"pt-BR","@id":"https:\/\/www.movemovel.com.br\/blog\/#\/schema\/person\/image\/","url":"https:\/\/secure.gravatar.com\/avatar\/3e4c327288f333fd0f8ce858acbe18e3?s=96&d=mm&r=g","contentUrl":"https:\/\/secure.gravatar.com\/avatar\/3e4c327288f333fd0f8ce858acbe18e3?s=96&d=mm&r=g","caption":"movemovel_admin"},"url":"https:\/\/www.movemovel.com.br\/blog\/author\/movemovel_admin\/"}]}},"_links":{"self":[{"href":"https:\/\/www.movemovel.com.br\/blog\/wp-json\/wp\/v2\/posts\/5103"}],"collection":[{"href":"https:\/\/www.movemovel.com.br\/blog\/wp-json\/wp\/v2\/posts"}],"about":[{"href":"https:\/\/www.movemovel.com.br\/blog\/wp-json\/wp\/v2\/types\/post"}],"author":[{"embeddable":true,"href":"https:\/\/www.movemovel.com.br\/blog\/wp-json\/wp\/v2\/users\/10"}],"replies":[{"embeddable":true,"href":"https:\/\/www.movemovel.com.br\/blog\/wp-json\/wp\/v2\/comments?post=5103"}],"version-history":[{"count":1,"href":"https:\/\/www.movemovel.com.br\/blog\/wp-json\/wp\/v2\/posts\/5103\/revisions"}],"predecessor-version":[{"id":5111,"href":"https:\/\/www.movemovel.com.br\/blog\/wp-json\/wp\/v2\/posts\/5103\/revisions\/5111"}],"wp:featuredmedia":[{"embeddable":true,"href":"https:\/\/www.movemovel.com.br\/blog\/wp-json\/wp\/v2\/media\/5109"}],"wp:attachment":[{"href":"https:\/\/www.movemovel.com.br\/blog\/wp-json\/wp\/v2\/media?parent=5103"}],"wp:term":[{"taxonomy":"category","embeddable":true,"href":"https:\/\/www.movemovel.com.br\/blog\/wp-json\/wp\/v2\/categories?post=5103"},{"taxonomy":"post_tag","embeddable":true,"href":"https:\/\/www.movemovel.com.br\/blog\/wp-json\/wp\/v2\/tags?post=5103"}],"curies":[{"name":"wp","href":"https:\/\/api.w.org\/{rel}","templated":true}]}}