{"id":5112,"date":"2024-11-12T19:46:08","date_gmt":"2024-11-12T19:46:08","guid":{"rendered":"https:\/\/www.movemovel.com.br\/blog\/?p=5112"},"modified":"2024-11-12T19:46:44","modified_gmt":"2024-11-12T19:46:44","slug":"moveis-de-madeira-atemporais-ou-intemporais","status":"publish","type":"post","link":"https:\/\/www.movemovel.com.br\/blog\/moveis-de-madeira-atemporais-ou-intemporais\/","title":{"rendered":"M\u00f3veis de Madeira Atemporais ou Intemporais"},"content":{"rendered":"<p>O significado destes adjetivos \u00e9 o mesmo, mas gostamos de definir como <strong>m\u00f3veis que atravessam os tempos e continuam belos.<\/strong><br \/>\n<br \/>\nPodem ser pe\u00e7as ic\u00f4nicas de designers que fizeram hist\u00f3ria ou pe\u00e7as compradas ou constru\u00eddas para voc\u00ea com materiais de primeira qualidade para durar a vida toda.<br \/>\nNada mais atual e sustent\u00e1vel do que ter um m\u00f3vel que possa passar de gera\u00e7\u00e3o para gera\u00e7\u00e3o ou ir mudando de lugar, de casa e de fam\u00edlias.<br \/>\nPara acontecer isso, eles t\u00eam que ser constru\u00eddos com materiais dur\u00e1veis para poderem atravessar o tempo e aguentar reparos e trocas de pe\u00e7as ao longo do uso.<br \/>\n<br \/>\n<strong>MOVE M\u00d3VEL<\/strong><br \/>\n<br \/>\nN\u00f3s escolhemos s\u00f3 trabalhar com a madeira maci\u00e7a e seus componentes, por ser um material natural, com desenho agrad\u00e1vel de olhar, com textura e temperatura para tocar e com possibilidade de reparos ao longo do uso.<br \/>\nAs madeiras que escolhemos foram o Freij\u00f3 e o Jequitib\u00e1, por terem DOF (Documento de Origem Florestal) e terem tons m\u00e9dios e por isso nunca enjoam o olhar.<br \/>\n<br \/>\n<a href=\"https:\/\/www.movemovel.com.br\/blog\/wp-content\/uploads\/2024\/11\/02-1.jpg\"><img decoding=\"async\" loading=\"lazy\" src=\"https:\/\/www.movemovel.com.br\/blog\/wp-content\/uploads\/2024\/11\/02-1.jpg\" alt=\"\" width=\"760\" height=\"514\" class=\"alignnone size-full wp-image-5114\" srcset=\"https:\/\/www.movemovel.com.br\/blog\/wp-content\/uploads\/2024\/11\/02-1.jpg 760w, https:\/\/www.movemovel.com.br\/blog\/wp-content\/uploads\/2024\/11\/02-1-300x203.jpg 300w\" sizes=\"(max-width: 760px) 100vw, 760px\" \/><\/a><br \/>\n<br \/>\n<strong>O nosso desenho<\/strong> se inspira na hist\u00f3ria do mobili\u00e1rio da madeira natural, na <strong>busca da s\u00edntese da forma<\/strong> e da composi\u00e7\u00e3o, <strong>deixamos a madeira e suas texturas s\u00e3o as protagonistas<\/strong>.<br \/>\nFazer <strong>uma pe\u00e7a especial \u00e9 uma constru\u00e7\u00e3o junto com o cliente ou arquiteto ou designer de interiores e o resultado \u00e9 surpreendente e gratificante<\/strong>, porque encaixa perfeitamente no espa\u00e7o, porque foi pensado para isso e se destaca pelo cuidado no acabamento dos materiais naturais executados por artes\u00e3os da madeira maci\u00e7a.<\/p>\n<p>Para conhecer nosso m\u00f3veis dispon\u00edveis para compra imediata, <a href=\"https:\/\/www.movemovel.com.br\/\">clique aqui<\/a>!<br \/>\n<br \/>\nEntregamos em todo o Brasil.<br \/>\n <br \/>\nAgende sua visita pelo WhatsApp para atendimento presencial e venha conhecer nosso Ateli\u00ea Conceito!<br \/>\n <br \/>\nWhatsApp:  <a href=\"http:\/\/wa.me\/+5511993946153\">(11) 99394-6153<\/a><br \/>\nInstagram:  @movemovel<br \/>\nE-mail: contato@movemovel.com.br<br \/>\nAteli\u00ea Conceito: Pra\u00e7a Vilaboim, n\u00ba 160 \u2013 Cj 4 \u2013 Higien\u00f3polis \u2013 S\u00e3o Paulo.<\/p>\n","protected":false},"excerpt":{"rendered":"<p>O significado destes adjetivos \u00e9 o mesmo, mas gostamos de definir como m\u00f3veis que atravessam os tempos e continuam belos. Podem ser pe\u00e7as ic\u00f4nicas de designers que fizeram hist\u00f3ria ou<\/p>\n","protected":false},"author":10,"featured_media":5115,"comment_status":"closed","ping_status":"open","sticky":false,"template":"","format":"image","meta":{"ngg_post_thumbnail":0},"categories":[4],"tags":[1469,1475,1545,1508,1687,528,1515,1109,1523,366,1706,1699,1721,1698,1704,1701,1668,1703,823,569],"yoast_head":"<!-- This site is optimized with the Yoast SEO plugin v19.6 - https:\/\/yoast.com\/wordpress\/plugins\/seo\/ -->\n<title>M\u00f3veis de Madeira Atemporais ou Intemporais - Move M\u00f3vel<\/title>\n<meta name=\"description\" content=\"O significado destes adjetivos \u00e9 o mesmo, mas gostamos de definir como m\u00f3veis de madeira que atravessam os tempos e continuam belos.\" \/>\n<meta name=\"robots\" content=\"index, follow, max-snippet:-1, max-image-preview:large, max-video-preview:-1\" \/>\n<link rel=\"canonical\" href=\"https:\/\/www.movemovel.com.br\/blog\/moveis-de-madeira-atemporais-ou-intemporais\/\" \/>\n<meta property=\"og:locale\" content=\"pt_BR\" \/>\n<meta property=\"og:type\" content=\"article\" \/>\n<meta property=\"og:title\" content=\"M\u00f3veis de Madeira Atemporais ou Intemporais - Move M\u00f3vel\" \/>\n<meta property=\"og:description\" content=\"O significado destes adjetivos \u00e9 o mesmo, mas gostamos de definir como m\u00f3veis de madeira que atravessam os tempos e continuam belos.\" \/>\n<meta property=\"og:url\" content=\"https:\/\/www.movemovel.com.br\/blog\/moveis-de-madeira-atemporais-ou-intemporais\/\" \/>\n<meta property=\"og:site_name\" content=\"Move M\u00f3vel\" \/>\n<meta property=\"article:published_time\" content=\"2024-11-12T19:46:08+00:00\" \/>\n<meta property=\"article:modified_time\" content=\"2024-11-12T19:46:44+00:00\" \/>\n<meta property=\"og:image\" content=\"https:\/\/www.movemovel.com.br\/blog\/wp-content\/uploads\/2024\/11\/01-1.jpg\" \/>\n\t<meta property=\"og:image:width\" content=\"760\" \/>\n\t<meta property=\"og:image:height\" content=\"514\" \/>\n\t<meta property=\"og:image:type\" content=\"image\/jpeg\" \/>\n<meta name=\"author\" content=\"movemovel_admin\" \/>\n<meta name=\"twitter:card\" content=\"summary_large_image\" \/>\n<meta name=\"twitter:label1\" content=\"Escrito por\" \/>\n\t<meta name=\"twitter:data1\" content=\"movemovel_admin\" \/>\n\t<meta name=\"twitter:label2\" content=\"Est. tempo de leitura\" \/>\n\t<meta name=\"twitter:data2\" content=\"2 minutos\" \/>\n<script type=\"application\/ld+json\" class=\"yoast-schema-graph\">{\"@context\":\"https:\/\/schema.org\",\"@graph\":[{\"@type\":\"WebPage\",\"@id\":\"https:\/\/www.movemovel.com.br\/blog\/moveis-de-madeira-atemporais-ou-intemporais\/\",\"url\":\"https:\/\/www.movemovel.com.br\/blog\/moveis-de-madeira-atemporais-ou-intemporais\/\",\"name\":\"M\u00f3veis de Madeira Atemporais ou Intemporais - Move M\u00f3vel\",\"isPartOf\":{\"@id\":\"https:\/\/www.movemovel.com.br\/blog\/#website\"},\"datePublished\":\"2024-11-12T19:46:08+00:00\",\"dateModified\":\"2024-11-12T19:46:44+00:00\",\"author\":{\"@id\":\"https:\/\/www.movemovel.com.br\/blog\/#\/schema\/person\/9f992151481ef8945e552fc33bfef756\"},\"description\":\"O significado destes adjetivos \u00e9 o mesmo, mas gostamos de definir como m\u00f3veis de madeira que atravessam os tempos e continuam belos.\",\"breadcrumb\":{\"@id\":\"https:\/\/www.movemovel.com.br\/blog\/moveis-de-madeira-atemporais-ou-intemporais\/#breadcrumb\"},\"inLanguage\":\"pt-BR\",\"potentialAction\":[{\"@type\":\"ReadAction\",\"target\":[\"https:\/\/www.movemovel.com.br\/blog\/moveis-de-madeira-atemporais-ou-intemporais\/\"]}]},{\"@type\":\"BreadcrumbList\",\"@id\":\"https:\/\/www.movemovel.com.br\/blog\/moveis-de-madeira-atemporais-ou-intemporais\/#breadcrumb\",\"itemListElement\":[{\"@type\":\"ListItem\",\"position\":1,\"name\":\"In\u00edcio\",\"item\":\"https:\/\/www.movemovel.com.br\/blog\/\"},{\"@type\":\"ListItem\",\"position\":2,\"name\":\"M\u00f3veis de Madeira Atemporais ou Intemporais\"}]},{\"@type\":\"WebSite\",\"@id\":\"https:\/\/www.movemovel.com.br\/blog\/#website\",\"url\":\"https:\/\/www.movemovel.com.br\/blog\/\",\"name\":\"Move M\u00f3vel\",\"description\":\"Design criativo, contempor\u00e2neo, artesanal e personalizado.\",\"potentialAction\":[{\"@type\":\"SearchAction\",\"target\":{\"@type\":\"EntryPoint\",\"urlTemplate\":\"https:\/\/www.movemovel.com.br\/blog\/?s={search_term_string}\"},\"query-input\":\"required name=search_term_string\"}],\"inLanguage\":\"pt-BR\"},{\"@type\":\"Person\",\"@id\":\"https:\/\/www.movemovel.com.br\/blog\/#\/schema\/person\/9f992151481ef8945e552fc33bfef756\",\"name\":\"movemovel_admin\",\"image\":{\"@type\":\"ImageObject\",\"inLanguage\":\"pt-BR\",\"@id\":\"https:\/\/www.movemovel.com.br\/blog\/#\/schema\/person\/image\/\",\"url\":\"https:\/\/secure.gravatar.com\/avatar\/3e4c327288f333fd0f8ce858acbe18e3?s=96&d=mm&r=g\",\"contentUrl\":\"https:\/\/secure.gravatar.com\/avatar\/3e4c327288f333fd0f8ce858acbe18e3?s=96&d=mm&r=g\",\"caption\":\"movemovel_admin\"},\"url\":\"https:\/\/www.movemovel.com.br\/blog\/author\/movemovel_admin\/\"}]}<\/script>\n<!-- \/ Yoast SEO plugin. -->","yoast_head_json":{"title":"M\u00f3veis de Madeira Atemporais ou Intemporais - Move M\u00f3vel","description":"O significado destes adjetivos \u00e9 o mesmo, mas gostamos de definir como m\u00f3veis de madeira que atravessam os tempos e continuam belos.","robots":{"index":"index","follow":"follow","max-snippet":"max-snippet:-1","max-image-preview":"max-image-preview:large","max-video-preview":"max-video-preview:-1"},"canonical":"https:\/\/www.movemovel.com.br\/blog\/moveis-de-madeira-atemporais-ou-intemporais\/","og_locale":"pt_BR","og_type":"article","og_title":"M\u00f3veis de Madeira Atemporais ou Intemporais - Move M\u00f3vel","og_description":"O significado destes adjetivos \u00e9 o mesmo, mas gostamos de definir como m\u00f3veis de madeira que atravessam os tempos e continuam belos.","og_url":"https:\/\/www.movemovel.com.br\/blog\/moveis-de-madeira-atemporais-ou-intemporais\/","og_site_name":"Move M\u00f3vel","article_published_time":"2024-11-12T19:46:08+00:00","article_modified_time":"2024-11-12T19:46:44+00:00","og_image":[{"width":760,"height":514,"url":"https:\/\/www.movemovel.com.br\/blog\/wp-content\/uploads\/2024\/11\/01-1.jpg","type":"image\/jpeg"}],"author":"movemovel_admin","twitter_card":"summary_large_image","twitter_misc":{"Escrito por":"movemovel_admin","Est. tempo de leitura":"2 minutos"},"schema":{"@context":"https:\/\/schema.org","@graph":[{"@type":"WebPage","@id":"https:\/\/www.movemovel.com.br\/blog\/moveis-de-madeira-atemporais-ou-intemporais\/","url":"https:\/\/www.movemovel.com.br\/blog\/moveis-de-madeira-atemporais-ou-intemporais\/","name":"M\u00f3veis de Madeira Atemporais ou Intemporais - Move M\u00f3vel","isPartOf":{"@id":"https:\/\/www.movemovel.com.br\/blog\/#website"},"datePublished":"2024-11-12T19:46:08+00:00","dateModified":"2024-11-12T19:46:44+00:00","author":{"@id":"https:\/\/www.movemovel.com.br\/blog\/#\/schema\/person\/9f992151481ef8945e552fc33bfef756"},"description":"O significado destes adjetivos \u00e9 o mesmo, mas gostamos de definir como m\u00f3veis de madeira que atravessam os tempos e continuam belos.","breadcrumb":{"@id":"https:\/\/www.movemovel.com.br\/blog\/moveis-de-madeira-atemporais-ou-intemporais\/#breadcrumb"},"inLanguage":"pt-BR","potentialAction":[{"@type":"ReadAction","target":["https:\/\/www.movemovel.com.br\/blog\/moveis-de-madeira-atemporais-ou-intemporais\/"]}]},{"@type":"BreadcrumbList","@id":"https:\/\/www.movemovel.com.br\/blog\/moveis-de-madeira-atemporais-ou-intemporais\/#breadcrumb","itemListElement":[{"@type":"ListItem","position":1,"name":"In\u00edcio","item":"https:\/\/www.movemovel.com.br\/blog\/"},{"@type":"ListItem","position":2,"name":"M\u00f3veis de Madeira Atemporais ou Intemporais"}]},{"@type":"WebSite","@id":"https:\/\/www.movemovel.com.br\/blog\/#website","url":"https:\/\/www.movemovel.com.br\/blog\/","name":"Move M\u00f3vel","description":"Design criativo, contempor\u00e2neo, artesanal e personalizado.","potentialAction":[{"@type":"SearchAction","target":{"@type":"EntryPoint","urlTemplate":"https:\/\/www.movemovel.com.br\/blog\/?s={search_term_string}"},"query-input":"required name=search_term_string"}],"inLanguage":"pt-BR"},{"@type":"Person","@id":"https:\/\/www.movemovel.com.br\/blog\/#\/schema\/person\/9f992151481ef8945e552fc33bfef756","name":"movemovel_admin","image":{"@type":"ImageObject","inLanguage":"pt-BR","@id":"https:\/\/www.movemovel.com.br\/blog\/#\/schema\/person\/image\/","url":"https:\/\/secure.gravatar.com\/avatar\/3e4c327288f333fd0f8ce858acbe18e3?s=96&d=mm&r=g","contentUrl":"https:\/\/secure.gravatar.com\/avatar\/3e4c327288f333fd0f8ce858acbe18e3?s=96&d=mm&r=g","caption":"movemovel_admin"},"url":"https:\/\/www.movemovel.com.br\/blog\/author\/movemovel_admin\/"}]}},"_links":{"self":[{"href":"https:\/\/www.movemovel.com.br\/blog\/wp-json\/wp\/v2\/posts\/5112"}],"collection":[{"href":"https:\/\/www.movemovel.com.br\/blog\/wp-json\/wp\/v2\/posts"}],"about":[{"href":"https:\/\/www.movemovel.com.br\/blog\/wp-json\/wp\/v2\/types\/post"}],"author":[{"embeddable":true,"href":"https:\/\/www.movemovel.com.br\/blog\/wp-json\/wp\/v2\/users\/10"}],"replies":[{"embeddable":true,"href":"https:\/\/www.movemovel.com.br\/blog\/wp-json\/wp\/v2\/comments?post=5112"}],"version-history":[{"count":7,"href":"https:\/\/www.movemovel.com.br\/blog\/wp-json\/wp\/v2\/posts\/5112\/revisions"}],"predecessor-version":[{"id":5122,"href":"https:\/\/www.movemovel.com.br\/blog\/wp-json\/wp\/v2\/posts\/5112\/revisions\/5122"}],"wp:featuredmedia":[{"embeddable":true,"href":"https:\/\/www.movemovel.com.br\/blog\/wp-json\/wp\/v2\/media\/5115"}],"wp:attachment":[{"href":"https:\/\/www.movemovel.com.br\/blog\/wp-json\/wp\/v2\/media?parent=5112"}],"wp:term":[{"taxonomy":"category","embeddable":true,"href":"https:\/\/www.movemovel.com.br\/blog\/wp-json\/wp\/v2\/categories?post=5112"},{"taxonomy":"post_tag","embeddable":true,"href":"https:\/\/www.movemovel.com.br\/blog\/wp-json\/wp\/v2\/tags?post=5112"}],"curies":[{"name":"wp","href":"https:\/\/api.w.org\/{rel}","templated":true}]}}