{"id":5176,"date":"2025-02-13T18:34:11","date_gmt":"2025-02-13T18:34:11","guid":{"rendered":"https:\/\/www.movemovel.com.br\/blog\/?p=5176"},"modified":"2025-02-13T19:31:49","modified_gmt":"2025-02-13T19:31:49","slug":"cavas-para-personalizacao","status":"publish","type":"post","link":"https:\/\/www.movemovel.com.br\/blog\/cavas-para-personalizacao\/","title":{"rendered":"Cavas para personaliza\u00e7\u00e3o"},"content":{"rendered":"<p>Cavas para personaliza\u00e7\u00e3o:<br \/>\n<br \/>\n<strong>Recortadas<\/strong> s\u00e3o aquelas que recortamos a frontal das gavetas da  madeira natural, garantindo ventila\u00e7\u00e3o dentro delas, temos a modelo <strong>M\u00e3o<\/strong> e <strong>Dedo<\/strong>.<br \/>\n<br \/>\n<strong>Modelo M\u00e3o<\/strong> \u00e9 maior e para abrir facilmente com os cinco dedos.<br \/>\n<a href=\"https:\/\/www.movemovel.com.br\/blog\/wp-content\/uploads\/2025\/02\/ezgif-2d25d915c5973d.gif\"><img decoding=\"async\" loading=\"lazy\" src=\"https:\/\/www.movemovel.com.br\/blog\/wp-content\/uploads\/2025\/02\/ezgif-2d25d915c5973d.gif\" alt=\"\" width=\"760\" height=\"514\" class=\"alignnone size-full wp-image-5177\" \/><\/a><br \/>\n<br \/>\n<strong>Modelo Dedo<\/strong> \u00e9 para abrir com um dedo.<br \/>\n<a href=\"https:\/\/www.movemovel.com.br\/blog\/wp-content\/uploads\/2025\/02\/ezgif-237b85fc355483.gif\"><img decoding=\"async\" loading=\"lazy\" src=\"https:\/\/www.movemovel.com.br\/blog\/wp-content\/uploads\/2025\/02\/ezgif-237b85fc355483.gif\" alt=\"\" width=\"760\" height=\"514\" class=\"alignnone size-full wp-image-5181\" \/><\/a><br \/>\n<br \/>\n<strong>Embutidas<\/strong> s\u00e3o recortadas para ficarem escondidas, podem ter o recorte encima ou embaixo.<br \/>\n<a href=\"https:\/\/www.movemovel.com.br\/blog\/wp-content\/uploads\/2025\/02\/ezgif-56c0ebe97ef937.gif\"><img decoding=\"async\" loading=\"lazy\" src=\"https:\/\/www.movemovel.com.br\/blog\/wp-content\/uploads\/2025\/02\/ezgif-56c0ebe97ef937.gif\" alt=\"\" width=\"760\" height=\"514\" class=\"alignnone size-full wp-image-5193\" \/><\/a><br \/>\n<br \/>\n<strong>Esculpidas<\/strong> s\u00e3o aquelas que s\u00f3 s\u00e3o feitas na madeira maci\u00e7a, podem ser esculpidas por cima ou por baixo, vai depender do desenho do m\u00f3vel.<br \/>\n<a href=\"https:\/\/www.movemovel.com.br\/blog\/wp-content\/uploads\/2025\/02\/ezgif-2b5d0bd161a623.gif\"><img decoding=\"async\" loading=\"lazy\" src=\"https:\/\/www.movemovel.com.br\/blog\/wp-content\/uploads\/2025\/02\/ezgif-2b5d0bd161a623.gif\" alt=\"\" width=\"800\" height=\"252\" class=\"alignnone size-full wp-image-5185\" \/><\/a><br \/>\n<br \/>\nQuer um m\u00f3vel com a cava personalizada para o seu gosto? Entre em contato conosco por <a href=\"https:\/\/wa.me\/+5511993946153\"><strong>WhatsApp<\/strong><\/a> que te orientamos!<br \/>\n<br \/>\nEntregamos em todo o Brasil.<\/p>\n<p>Agende sua visita pelo WhatsApp e venha conhecer nosso Ateli\u00ea Conceito!<\/p>\n<p><a href=\"https:\/\/wa.me\/+5511993946153\">WhatsApp: (11) 99394-6153<\/a><br \/>\nInstagram: @movemovel<br \/>\nE-mail: contato@movemovel.com.br<br \/>\nAteli\u00ea Conceito: Pra\u00e7a Vilaboim, n\u00ba 160 \u2013 Cj 4 \u2013 Higien\u00f3polis \u2013 S\u00e3o Paulo.<\/p>\n","protected":false},"excerpt":{"rendered":"<p>Cavas para personaliza\u00e7\u00e3o: Recortadas s\u00e3o aquelas que recortamos a frontal das gavetas da madeira natural, garantindo ventila\u00e7\u00e3o dentro delas, temos a modelo M\u00e3o e Dedo. Modelo M\u00e3o \u00e9 maior e<\/p>\n","protected":false},"author":10,"featured_media":5191,"comment_status":"closed","ping_status":"open","sticky":false,"template":"","format":"image","meta":{"ngg_post_thumbnail":0},"categories":[4],"tags":[1469,469,1315,1756,1755,1754,1757,1415,1164,583,1297,1587,1153,1174,1109,474,1758,738],"yoast_head":"<!-- This site is optimized with the Yoast SEO plugin v19.6 - https:\/\/yoast.com\/wordpress\/plugins\/seo\/ -->\n<title>Cavas para personaliza\u00e7\u00e3o - Move M\u00f3vel<\/title>\n<meta name=\"description\" content=\"Conhe\u00e7a os modelos de cava para personalizar seus m\u00f3veis da Move M\u00f3vel! Temos modelo recortada, embultida e esculpida.\" \/>\n<meta name=\"robots\" content=\"index, follow, max-snippet:-1, max-image-preview:large, max-video-preview:-1\" \/>\n<link rel=\"canonical\" href=\"https:\/\/www.movemovel.com.br\/blog\/cavas-para-personalizacao\/\" \/>\n<meta property=\"og:locale\" content=\"pt_BR\" \/>\n<meta property=\"og:type\" content=\"article\" \/>\n<meta property=\"og:title\" content=\"Cavas para personaliza\u00e7\u00e3o - Move M\u00f3vel\" \/>\n<meta property=\"og:description\" content=\"Conhe\u00e7a os modelos de cava para personalizar seus m\u00f3veis da Move M\u00f3vel! Temos modelo recortada, embultida e esculpida.\" \/>\n<meta property=\"og:url\" content=\"https:\/\/www.movemovel.com.br\/blog\/cavas-para-personalizacao\/\" \/>\n<meta property=\"og:site_name\" content=\"Move M\u00f3vel\" \/>\n<meta property=\"article:published_time\" content=\"2025-02-13T18:34:11+00:00\" \/>\n<meta property=\"article:modified_time\" content=\"2025-02-13T19:31:49+00:00\" \/>\n<meta property=\"og:image\" content=\"https:\/\/www.movemovel.com.br\/blog\/wp-content\/uploads\/2025\/02\/capa-1.jpg\" \/>\n\t<meta property=\"og:image:width\" content=\"760\" \/>\n\t<meta property=\"og:image:height\" content=\"239\" \/>\n\t<meta property=\"og:image:type\" content=\"image\/jpeg\" \/>\n<meta name=\"author\" content=\"movemovel_admin\" \/>\n<meta name=\"twitter:card\" content=\"summary_large_image\" \/>\n<meta name=\"twitter:label1\" content=\"Escrito por\" \/>\n\t<meta name=\"twitter:data1\" content=\"movemovel_admin\" \/>\n\t<meta name=\"twitter:label2\" content=\"Est. tempo de leitura\" \/>\n\t<meta name=\"twitter:data2\" content=\"2 minutos\" \/>\n<script type=\"application\/ld+json\" class=\"yoast-schema-graph\">{\"@context\":\"https:\/\/schema.org\",\"@graph\":[{\"@type\":\"WebPage\",\"@id\":\"https:\/\/www.movemovel.com.br\/blog\/cavas-para-personalizacao\/\",\"url\":\"https:\/\/www.movemovel.com.br\/blog\/cavas-para-personalizacao\/\",\"name\":\"Cavas para personaliza\u00e7\u00e3o - Move M\u00f3vel\",\"isPartOf\":{\"@id\":\"https:\/\/www.movemovel.com.br\/blog\/#website\"},\"datePublished\":\"2025-02-13T18:34:11+00:00\",\"dateModified\":\"2025-02-13T19:31:49+00:00\",\"author\":{\"@id\":\"https:\/\/www.movemovel.com.br\/blog\/#\/schema\/person\/9f992151481ef8945e552fc33bfef756\"},\"description\":\"Conhe\u00e7a os modelos de cava para personalizar seus m\u00f3veis da Move M\u00f3vel! Temos modelo recortada, embultida e esculpida.\",\"breadcrumb\":{\"@id\":\"https:\/\/www.movemovel.com.br\/blog\/cavas-para-personalizacao\/#breadcrumb\"},\"inLanguage\":\"pt-BR\",\"potentialAction\":[{\"@type\":\"ReadAction\",\"target\":[\"https:\/\/www.movemovel.com.br\/blog\/cavas-para-personalizacao\/\"]}]},{\"@type\":\"BreadcrumbList\",\"@id\":\"https:\/\/www.movemovel.com.br\/blog\/cavas-para-personalizacao\/#breadcrumb\",\"itemListElement\":[{\"@type\":\"ListItem\",\"position\":1,\"name\":\"In\u00edcio\",\"item\":\"https:\/\/www.movemovel.com.br\/blog\/\"},{\"@type\":\"ListItem\",\"position\":2,\"name\":\"Cavas para personaliza\u00e7\u00e3o\"}]},{\"@type\":\"WebSite\",\"@id\":\"https:\/\/www.movemovel.com.br\/blog\/#website\",\"url\":\"https:\/\/www.movemovel.com.br\/blog\/\",\"name\":\"Move M\u00f3vel\",\"description\":\"Design criativo, contempor\u00e2neo, artesanal e personalizado.\",\"potentialAction\":[{\"@type\":\"SearchAction\",\"target\":{\"@type\":\"EntryPoint\",\"urlTemplate\":\"https:\/\/www.movemovel.com.br\/blog\/?s={search_term_string}\"},\"query-input\":\"required name=search_term_string\"}],\"inLanguage\":\"pt-BR\"},{\"@type\":\"Person\",\"@id\":\"https:\/\/www.movemovel.com.br\/blog\/#\/schema\/person\/9f992151481ef8945e552fc33bfef756\",\"name\":\"movemovel_admin\",\"image\":{\"@type\":\"ImageObject\",\"inLanguage\":\"pt-BR\",\"@id\":\"https:\/\/www.movemovel.com.br\/blog\/#\/schema\/person\/image\/\",\"url\":\"https:\/\/secure.gravatar.com\/avatar\/3e4c327288f333fd0f8ce858acbe18e3?s=96&d=mm&r=g\",\"contentUrl\":\"https:\/\/secure.gravatar.com\/avatar\/3e4c327288f333fd0f8ce858acbe18e3?s=96&d=mm&r=g\",\"caption\":\"movemovel_admin\"},\"url\":\"https:\/\/www.movemovel.com.br\/blog\/author\/movemovel_admin\/\"}]}<\/script>\n<!-- \/ Yoast SEO plugin. -->","yoast_head_json":{"title":"Cavas para personaliza\u00e7\u00e3o - Move M\u00f3vel","description":"Conhe\u00e7a os modelos de cava para personalizar seus m\u00f3veis da Move M\u00f3vel! Temos modelo recortada, embultida e esculpida.","robots":{"index":"index","follow":"follow","max-snippet":"max-snippet:-1","max-image-preview":"max-image-preview:large","max-video-preview":"max-video-preview:-1"},"canonical":"https:\/\/www.movemovel.com.br\/blog\/cavas-para-personalizacao\/","og_locale":"pt_BR","og_type":"article","og_title":"Cavas para personaliza\u00e7\u00e3o - Move M\u00f3vel","og_description":"Conhe\u00e7a os modelos de cava para personalizar seus m\u00f3veis da Move M\u00f3vel! Temos modelo recortada, embultida e esculpida.","og_url":"https:\/\/www.movemovel.com.br\/blog\/cavas-para-personalizacao\/","og_site_name":"Move M\u00f3vel","article_published_time":"2025-02-13T18:34:11+00:00","article_modified_time":"2025-02-13T19:31:49+00:00","og_image":[{"width":760,"height":239,"url":"https:\/\/www.movemovel.com.br\/blog\/wp-content\/uploads\/2025\/02\/capa-1.jpg","type":"image\/jpeg"}],"author":"movemovel_admin","twitter_card":"summary_large_image","twitter_misc":{"Escrito por":"movemovel_admin","Est. tempo de leitura":"2 minutos"},"schema":{"@context":"https:\/\/schema.org","@graph":[{"@type":"WebPage","@id":"https:\/\/www.movemovel.com.br\/blog\/cavas-para-personalizacao\/","url":"https:\/\/www.movemovel.com.br\/blog\/cavas-para-personalizacao\/","name":"Cavas para personaliza\u00e7\u00e3o - Move M\u00f3vel","isPartOf":{"@id":"https:\/\/www.movemovel.com.br\/blog\/#website"},"datePublished":"2025-02-13T18:34:11+00:00","dateModified":"2025-02-13T19:31:49+00:00","author":{"@id":"https:\/\/www.movemovel.com.br\/blog\/#\/schema\/person\/9f992151481ef8945e552fc33bfef756"},"description":"Conhe\u00e7a os modelos de cava para personalizar seus m\u00f3veis da Move M\u00f3vel! Temos modelo recortada, embultida e esculpida.","breadcrumb":{"@id":"https:\/\/www.movemovel.com.br\/blog\/cavas-para-personalizacao\/#breadcrumb"},"inLanguage":"pt-BR","potentialAction":[{"@type":"ReadAction","target":["https:\/\/www.movemovel.com.br\/blog\/cavas-para-personalizacao\/"]}]},{"@type":"BreadcrumbList","@id":"https:\/\/www.movemovel.com.br\/blog\/cavas-para-personalizacao\/#breadcrumb","itemListElement":[{"@type":"ListItem","position":1,"name":"In\u00edcio","item":"https:\/\/www.movemovel.com.br\/blog\/"},{"@type":"ListItem","position":2,"name":"Cavas para personaliza\u00e7\u00e3o"}]},{"@type":"WebSite","@id":"https:\/\/www.movemovel.com.br\/blog\/#website","url":"https:\/\/www.movemovel.com.br\/blog\/","name":"Move M\u00f3vel","description":"Design criativo, contempor\u00e2neo, artesanal e personalizado.","potentialAction":[{"@type":"SearchAction","target":{"@type":"EntryPoint","urlTemplate":"https:\/\/www.movemovel.com.br\/blog\/?s={search_term_string}"},"query-input":"required name=search_term_string"}],"inLanguage":"pt-BR"},{"@type":"Person","@id":"https:\/\/www.movemovel.com.br\/blog\/#\/schema\/person\/9f992151481ef8945e552fc33bfef756","name":"movemovel_admin","image":{"@type":"ImageObject","inLanguage":"pt-BR","@id":"https:\/\/www.movemovel.com.br\/blog\/#\/schema\/person\/image\/","url":"https:\/\/secure.gravatar.com\/avatar\/3e4c327288f333fd0f8ce858acbe18e3?s=96&d=mm&r=g","contentUrl":"https:\/\/secure.gravatar.com\/avatar\/3e4c327288f333fd0f8ce858acbe18e3?s=96&d=mm&r=g","caption":"movemovel_admin"},"url":"https:\/\/www.movemovel.com.br\/blog\/author\/movemovel_admin\/"}]}},"_links":{"self":[{"href":"https:\/\/www.movemovel.com.br\/blog\/wp-json\/wp\/v2\/posts\/5176"}],"collection":[{"href":"https:\/\/www.movemovel.com.br\/blog\/wp-json\/wp\/v2\/posts"}],"about":[{"href":"https:\/\/www.movemovel.com.br\/blog\/wp-json\/wp\/v2\/types\/post"}],"author":[{"embeddable":true,"href":"https:\/\/www.movemovel.com.br\/blog\/wp-json\/wp\/v2\/users\/10"}],"replies":[{"embeddable":true,"href":"https:\/\/www.movemovel.com.br\/blog\/wp-json\/wp\/v2\/comments?post=5176"}],"version-history":[{"count":10,"href":"https:\/\/www.movemovel.com.br\/blog\/wp-json\/wp\/v2\/posts\/5176\/revisions"}],"predecessor-version":[{"id":5194,"href":"https:\/\/www.movemovel.com.br\/blog\/wp-json\/wp\/v2\/posts\/5176\/revisions\/5194"}],"wp:featuredmedia":[{"embeddable":true,"href":"https:\/\/www.movemovel.com.br\/blog\/wp-json\/wp\/v2\/media\/5191"}],"wp:attachment":[{"href":"https:\/\/www.movemovel.com.br\/blog\/wp-json\/wp\/v2\/media?parent=5176"}],"wp:term":[{"taxonomy":"category","embeddable":true,"href":"https:\/\/www.movemovel.com.br\/blog\/wp-json\/wp\/v2\/categories?post=5176"},{"taxonomy":"post_tag","embeddable":true,"href":"https:\/\/www.movemovel.com.br\/blog\/wp-json\/wp\/v2\/tags?post=5176"}],"curies":[{"name":"wp","href":"https:\/\/api.w.org\/{rel}","templated":true}]}}